{"id":35683,"date":"2018-07-01T20:37:37","date_gmt":"2018-07-01T23:37:37","guid":{"rendered":"https:\/\/eldiariodesanpedro.com.ar\/sitio\/?p=35683"},"modified":"2018-07-01T20:37:37","modified_gmt":"2018-07-01T23:37:37","slug":"campana-robo-en-un-taller-lo-detuvo-la-ddi-zarate-campana-2","status":"publish","type":"post","link":"https:\/\/eldiariodesanpedro.com.ar\/sitio\/campana-robo-en-un-taller-lo-detuvo-la-ddi-zarate-campana-2\/","title":{"rendered":"CAMPANA: Rob\u00f3 en un taller, lo detuvo la DDI Z\u00e1rate \u2013 Campana"},"content":{"rendered":"<p><!-- VideographyWP Plugin Message: Automatic video embedding prevented by plugin options. --><br \/>\nEl 5 de junio pasado, un vecino campanense de la calle J. J. Paso al 100, denunci\u00f3 que en la madrugada hab\u00edan robado en el taller de su propiedad.<\/p>\n<p>  La Direcci\u00f3n Departamental de Investigaciones (DDI) Z\u00e1rate \u2013 Campana, tom\u00f3 intervenci\u00f3n en el hecho iniciando las tareas investigativas partiendo de relevamientos de testigos en la zona y las imagines de las c\u00e1maras de seguridad p\u00fablicas y privadas.<\/p>\n<p>  De esta manera se logr\u00f3 individualizar al presunto autor, domiciliado en Alt. Brown al 100, hacia donde se libraron las \u00f3rdenes de allanamientos por parte del Juez de Garant\u00edas, Dr. Grassi.<\/p>\n<p>  En horas de la tarde de este viernes, se produjo el operativo, deteniendo a un sujeto apodado \u201cel cuervo\u201d, recuper\u00e1ndose varias maquinarias reconocidas como sustra\u00eddas: una m\u00e1quina de soldar, una amoladora y una careta de soldar pl\u00e1stica.<\/p>\n<p>Fuente: Enlace Cr\u00edtico<\/p>\n","protected":false},"excerpt":{"rendered":"<p>El 5 de junio pasado, un vecino campanense de la calle J. J. Paso al 100, denunci\u00f3 que en la madrugada hab\u00edan robado en el taller de su propiedad. La Direcci\u00f3n Departamental de Investigaciones (DDI) Z\u00e1rate \u2013 Campana, tom\u00f3 intervenci\u00f3n en el hecho iniciando las tareas investigativas partiendo de relevamientos de testigos en la zona [&hellip;]<\/p>\n","protected":false},"author":4,"featured_media":35685,"comment_status":"open","ping_status":"closed","sticky":false,"template":"","format":"standard","meta":{"om_disable_all_campaigns":false,"_jetpack_memberships_contains_paid_content":false,"footnotes":""},"categories":[621],"tags":[],"class_list":["post-35683","post","type-post","status-publish","format-standard","has-post-thumbnail","hentry","category-regionales"],"aioseo_notices":[],"gutentor_comment":0,"jetpack_featured_media_url":"https:\/\/eldiariodesanpedro.com.ar\/sitio\/wp-content\/uploads\/2018\/07\/Rob\u00f3-en-un-taller.jpg","jetpack_shortlink":"https:\/\/wp.me\/p6RhLt-9hx","jetpack_sharing_enabled":true,"_links":{"self":[{"href":"https:\/\/eldiariodesanpedro.com.ar\/sitio\/wp-json\/wp\/v2\/posts\/35683","targetHints":{"allow":["GET"]}}],"collection":[{"href":"https:\/\/eldiariodesanpedro.com.ar\/sitio\/wp-json\/wp\/v2\/posts"}],"about":[{"href":"https:\/\/eldiariodesanpedro.com.ar\/sitio\/wp-json\/wp\/v2\/types\/post"}],"author":[{"embeddable":true,"href":"https:\/\/eldiariodesanpedro.com.ar\/sitio\/wp-json\/wp\/v2\/users\/4"}],"replies":[{"embeddable":true,"href":"https:\/\/eldiariodesanpedro.com.ar\/sitio\/wp-json\/wp\/v2\/comments?post=35683"}],"version-history":[{"count":1,"href":"https:\/\/eldiariodesanpedro.com.ar\/sitio\/wp-json\/wp\/v2\/posts\/35683\/revisions"}],"predecessor-version":[{"id":35687,"href":"https:\/\/eldiariodesanpedro.com.ar\/sitio\/wp-json\/wp\/v2\/posts\/35683\/revisions\/35687"}],"wp:featuredmedia":[{"embeddable":true,"href":"https:\/\/eldiariodesanpedro.com.ar\/sitio\/wp-json\/wp\/v2\/media\/35685"}],"wp:attachment":[{"href":"https:\/\/eldiariodesanpedro.com.ar\/sitio\/wp-json\/wp\/v2\/media?parent=35683"}],"wp:term":[{"taxonomy":"category","embeddable":true,"href":"https:\/\/eldiariodesanpedro.com.ar\/sitio\/wp-json\/wp\/v2\/categories?post=35683"},{"taxonomy":"post_tag","embeddable":true,"href":"https:\/\/eldiariodesanpedro.com.ar\/sitio\/wp-json\/wp\/v2\/tags?post=35683"}],"curies":[{"name":"wp","href":"https:\/\/api.w.org\/{rel}","templated":true}]}}