{"id":35680,"date":"2018-07-01T20:34:31","date_gmt":"2018-07-01T23:34:31","guid":{"rendered":"https:\/\/eldiariodesanpedro.com.ar\/sitio\/?p=35680"},"modified":"2018-07-01T20:34:31","modified_gmt":"2018-07-01T23:34:31","slug":"apertura-de-sobres-para-la-continuidad-de-la-obra-escolar-en-la-ex-cancha-de-banfield","status":"publish","type":"post","link":"https:\/\/eldiariodesanpedro.com.ar\/sitio\/apertura-de-sobres-para-la-continuidad-de-la-obra-escolar-en-la-ex-cancha-de-banfield\/","title":{"rendered":"Apertura de sobres para la continuidad de la obra escolar en la ex cancha de Banfield"},"content":{"rendered":"<p><!-- VideographyWP Plugin Message: Automatic video embedding prevented by plugin options. --><br \/>\nEl jueves pasado en La Plata se cumpli\u00f3 con la apertura de sobres correspondiente a una nueva etapa hacia la finalizaci\u00f3n de la construcci\u00f3n del edificio escolar que se hab\u00eda comenzado a construir en la ex cancha de Banfield y que por diferentes cuestiones presupuestarias y pol\u00edticas ha sufrido diversas postergaciones. <\/p>\n<p>  Se presentaron cinco empresas interesadas en el llamado a licitaci\u00f3n publicado oportunamente con un presupuesto de aproximadamente 20,5 millones. <\/p>\n<p>  Al acto concurrieron el Intendente Cecilio Salazar, el Presidente del Consejo Escolar Gustavo Liloff y los miembros del consejo escolar Marcelo Paganucci y Fernando Cajide.<\/p>\n<p>  Las empresas oferentes son oriundas de Tucum\u00e1n, CABA, La Plata, 9 de Julio y Chivilcoy y a partir de ahora como es habitual en estos casos se abre el plazo de an\u00e1lisis para determinar la adjudicaci\u00f3n de la obra.<\/p>\n","protected":false},"excerpt":{"rendered":"<p>El jueves pasado en La Plata se cumpli\u00f3 con la apertura de sobres correspondiente a una nueva etapa hacia la finalizaci\u00f3n de la construcci\u00f3n del edificio escolar que se hab\u00eda comenzado a construir en la ex cancha de Banfield y que por diferentes cuestiones presupuestarias y pol\u00edticas ha sufrido diversas postergaciones. Se presentaron cinco empresas [&hellip;]<\/p>\n","protected":false},"author":4,"featured_media":35682,"comment_status":"open","ping_status":"closed","sticky":false,"template":"","format":"standard","meta":{"om_disable_all_campaigns":false,"_jetpack_memberships_contains_paid_content":false,"footnotes":""},"categories":[101,2],"tags":[],"class_list":["post-35680","post","type-post","status-publish","format-standard","has-post-thumbnail","hentry","category-interes-general-locales","category-locales"],"aioseo_notices":[],"gutentor_comment":0,"jetpack_featured_media_url":"https:\/\/eldiariodesanpedro.com.ar\/sitio\/wp-content\/uploads\/2018\/07\/Apertura-de-sobres-para-la-finalizaci\u00f3n-de-la-obra-escolar-de-Banfield.jpg","jetpack_shortlink":"https:\/\/wp.me\/p6RhLt-9hu","jetpack_sharing_enabled":true,"_links":{"self":[{"href":"https:\/\/eldiariodesanpedro.com.ar\/sitio\/wp-json\/wp\/v2\/posts\/35680","targetHints":{"allow":["GET"]}}],"collection":[{"href":"https:\/\/eldiariodesanpedro.com.ar\/sitio\/wp-json\/wp\/v2\/posts"}],"about":[{"href":"https:\/\/eldiariodesanpedro.com.ar\/sitio\/wp-json\/wp\/v2\/types\/post"}],"author":[{"embeddable":true,"href":"https:\/\/eldiariodesanpedro.com.ar\/sitio\/wp-json\/wp\/v2\/users\/4"}],"replies":[{"embeddable":true,"href":"https:\/\/eldiariodesanpedro.com.ar\/sitio\/wp-json\/wp\/v2\/comments?post=35680"}],"version-history":[{"count":1,"href":"https:\/\/eldiariodesanpedro.com.ar\/sitio\/wp-json\/wp\/v2\/posts\/35680\/revisions"}],"predecessor-version":[{"id":35684,"href":"https:\/\/eldiariodesanpedro.com.ar\/sitio\/wp-json\/wp\/v2\/posts\/35680\/revisions\/35684"}],"wp:featuredmedia":[{"embeddable":true,"href":"https:\/\/eldiariodesanpedro.com.ar\/sitio\/wp-json\/wp\/v2\/media\/35682"}],"wp:attachment":[{"href":"https:\/\/eldiariodesanpedro.com.ar\/sitio\/wp-json\/wp\/v2\/media?parent=35680"}],"wp:term":[{"taxonomy":"category","embeddable":true,"href":"https:\/\/eldiariodesanpedro.com.ar\/sitio\/wp-json\/wp\/v2\/categories?post=35680"},{"taxonomy":"post_tag","embeddable":true,"href":"https:\/\/eldiariodesanpedro.com.ar\/sitio\/wp-json\/wp\/v2\/tags?post=35680"}],"curies":[{"name":"wp","href":"https:\/\/api.w.org\/{rel}","templated":true}]}}