{"id":35678,"date":"2018-07-01T20:33:23","date_gmt":"2018-07-01T23:33:23","guid":{"rendered":"https:\/\/eldiariodesanpedro.com.ar\/sitio\/?p=35678"},"modified":"2018-07-01T20:33:23","modified_gmt":"2018-07-01T23:33:23","slug":"campana-modelo-contra-la-anemia-equina","status":"publish","type":"post","link":"https:\/\/eldiariodesanpedro.com.ar\/sitio\/campana-modelo-contra-la-anemia-equina\/","title":{"rendered":"Campa\u00f1a modelo contra la Anemia Equina"},"content":{"rendered":"<p><!-- VideographyWP Plugin Message: Automatic video embedding prevented by plugin options. --><br \/>\nEl Dr. Mart\u00edn Cipolla veterinario equino de la Municipalidad de San Pedro, particip\u00f3 en las XXIX Conferencias Internacionales de la especialidad los d\u00edas 28 y 29 de junio en el Regimiento de Granaderos a Caballo \u201cGral. San Mart\u00edn\u201d.<\/p>\n<p>  Mart\u00edn fue invitado para presentar su modelo de prevenci\u00f3n contra la \u201canemia infecciosa equina\u201d que lleva adelante en San Pedro. El veterinario present\u00f3 las piezas gr\u00e1ficas con el trabajo realizado en una mesa redonda conformada por expertos en la problem\u00e1tica. <\/p>\n<p>  A trav\u00e9s de este proyecto San Pedro es posicionado como modelo en el tema por ser el primer municipio que integra y aplica el trabajo contra la lucha de la anemia equina.<\/p>\n<p>  El Dr. Cipolla se encuentra trabajando en la toma de pruebas serol\u00f3gicas en los equinos, de modo preventivo para su an\u00e1lisis y para darle mayor difusi\u00f3n a los cuidados b\u00e1sicos que deben garantizar los propietarios.<\/p>\n<p>  La Anemia Infecciosa Equina (AIE) es una enfermedad retroviral que se caracteriza por signos cl\u00ednicos agudos y\/o cr\u00f3nicos recurrentes, que pueden incluir fiebre, anemia, edema y caquexia en algunos animales. Muchos caballos presentan signos leves o inaparentes en una primera exposici\u00f3n y son portadores subcl\u00ednicos del virus. Es probable que los propietarios no noten la infecci\u00f3n de sus animales, a menos que se realicen pruebas serol\u00f3gicas. Todos los caballos infectados, incluidos los asintom\u00e1ticos, se convierten en portadores y son fuente de infecci\u00f3n durante toda su vida.<\/p>\n","protected":false},"excerpt":{"rendered":"<p>El Dr. Mart\u00edn Cipolla veterinario equino de la Municipalidad de San Pedro, particip\u00f3 en las XXIX Conferencias Internacionales de la especialidad los d\u00edas 28 y 29 de junio en el Regimiento de Granaderos a Caballo \u201cGral. San Mart\u00edn\u201d. Mart\u00edn fue invitado para presentar su modelo de prevenci\u00f3n contra la \u201canemia infecciosa equina\u201d que lleva adelante [&hellip;]<\/p>\n","protected":false},"author":4,"featured_media":35679,"comment_status":"open","ping_status":"closed","sticky":false,"template":"","format":"standard","meta":{"om_disable_all_campaigns":false,"_jetpack_memberships_contains_paid_content":false,"footnotes":""},"categories":[101,2],"tags":[],"class_list":["post-35678","post","type-post","status-publish","format-standard","has-post-thumbnail","hentry","category-interes-general-locales","category-locales"],"aioseo_notices":[],"gutentor_comment":0,"jetpack_featured_media_url":"https:\/\/eldiariodesanpedro.com.ar\/sitio\/wp-content\/uploads\/2018\/07\/anemia-equina.jpg","jetpack_shortlink":"https:\/\/wp.me\/p6RhLt-9hs","jetpack_sharing_enabled":true,"_links":{"self":[{"href":"https:\/\/eldiariodesanpedro.com.ar\/sitio\/wp-json\/wp\/v2\/posts\/35678","targetHints":{"allow":["GET"]}}],"collection":[{"href":"https:\/\/eldiariodesanpedro.com.ar\/sitio\/wp-json\/wp\/v2\/posts"}],"about":[{"href":"https:\/\/eldiariodesanpedro.com.ar\/sitio\/wp-json\/wp\/v2\/types\/post"}],"author":[{"embeddable":true,"href":"https:\/\/eldiariodesanpedro.com.ar\/sitio\/wp-json\/wp\/v2\/users\/4"}],"replies":[{"embeddable":true,"href":"https:\/\/eldiariodesanpedro.com.ar\/sitio\/wp-json\/wp\/v2\/comments?post=35678"}],"version-history":[{"count":1,"href":"https:\/\/eldiariodesanpedro.com.ar\/sitio\/wp-json\/wp\/v2\/posts\/35678\/revisions"}],"predecessor-version":[{"id":35681,"href":"https:\/\/eldiariodesanpedro.com.ar\/sitio\/wp-json\/wp\/v2\/posts\/35678\/revisions\/35681"}],"wp:featuredmedia":[{"embeddable":true,"href":"https:\/\/eldiariodesanpedro.com.ar\/sitio\/wp-json\/wp\/v2\/media\/35679"}],"wp:attachment":[{"href":"https:\/\/eldiariodesanpedro.com.ar\/sitio\/wp-json\/wp\/v2\/media?parent=35678"}],"wp:term":[{"taxonomy":"category","embeddable":true,"href":"https:\/\/eldiariodesanpedro.com.ar\/sitio\/wp-json\/wp\/v2\/categories?post=35678"},{"taxonomy":"post_tag","embeddable":true,"href":"https:\/\/eldiariodesanpedro.com.ar\/sitio\/wp-json\/wp\/v2\/tags?post=35678"}],"curies":[{"name":"wp","href":"https:\/\/api.w.org\/{rel}","templated":true}]}}