{"id":35671,"date":"2018-07-01T20:29:22","date_gmt":"2018-07-01T23:29:22","guid":{"rendered":"https:\/\/eldiariodesanpedro.com.ar\/sitio\/?p=35671"},"modified":"2018-07-01T20:29:22","modified_gmt":"2018-07-01T23:29:22","slug":"nuevamente-se-realizo-un-operativo-de-saturacion-hubo-cinco-aprehendidos","status":"publish","type":"post","link":"https:\/\/eldiariodesanpedro.com.ar\/sitio\/nuevamente-se-realizo-un-operativo-de-saturacion-hubo-cinco-aprehendidos\/","title":{"rendered":"Nuevamente, se realiz\u00f3 un operativo de saturaci\u00f3n, hubo cinco aprehendidos"},"content":{"rendered":"<p><!-- VideographyWP Plugin Message: Automatic video embedding prevented by plugin options. --><br \/>\nNuevamente, personal policial de la Delegaci\u00f3n de Narcotr\u00e1fico San Nicol\u00e1s, con la colaboraci\u00f3n de DDI, comisar\u00eda local, UPPL (Unidad de Prevenci\u00f3n Polic\u00eda Local), realizaron un Operativo de Saturaci\u00f3n, esta madrugada del s\u00e1bado.<\/p>\n<p>  El Operativo se llev\u00f3 a cabo en diferentes barrios de nuestra ciudad, cuando finalmente en el barrio Hermano Indio se procedi\u00f3 a la aprehensi\u00f3n de cinco ciudadanos, dos de 25 a\u00f1os, otro de 43, 26 y 27.<br \/>\n  Maximiliano Abaca es uno de los aprehendidos, que cuenta con frondosos antecedentes, secuestr\u00e1ndose un arma de fuego tumbera, con dos cartuchos calibres 12\/70, uno de los cuales estaba alojado en la recamara y fue descartada al notar personal policial.<\/p>\n<p>  Todos los aprehendidos fueron trasladados a la Dependencia local y en comunicaci\u00f3n con la Fiscal\u00eda N\u00ba5, a cargo del Dr. Manso, se dispuso la notificaci\u00f3n de actuaciones.<\/p>\n","protected":false},"excerpt":{"rendered":"<p>Nuevamente, personal policial de la Delegaci\u00f3n de Narcotr\u00e1fico San Nicol\u00e1s, con la colaboraci\u00f3n de DDI, comisar\u00eda local, UPPL (Unidad de Prevenci\u00f3n Polic\u00eda Local), realizaron un Operativo de Saturaci\u00f3n, esta madrugada del s\u00e1bado. El Operativo se llev\u00f3 a cabo en diferentes barrios de nuestra ciudad, cuando finalmente en el barrio Hermano Indio se procedi\u00f3 a la [&hellip;]<\/p>\n","protected":false},"author":4,"featured_media":35673,"comment_status":"open","ping_status":"closed","sticky":false,"template":"","format":"standard","meta":{"om_disable_all_campaigns":false,"_jetpack_memberships_contains_paid_content":false,"footnotes":""},"categories":[2,103],"tags":[],"class_list":["post-35671","post","type-post","status-publish","format-standard","has-post-thumbnail","hentry","category-locales","category-policiales-locales"],"aioseo_notices":[],"gutentor_comment":0,"jetpack_featured_media_url":"https:\/\/eldiariodesanpedro.com.ar\/sitio\/wp-content\/uploads\/2018\/07\/operativo-de-saturaci\u00f3n.jpeg","jetpack_shortlink":"https:\/\/wp.me\/p6RhLt-9hl","jetpack_sharing_enabled":true,"_links":{"self":[{"href":"https:\/\/eldiariodesanpedro.com.ar\/sitio\/wp-json\/wp\/v2\/posts\/35671","targetHints":{"allow":["GET"]}}],"collection":[{"href":"https:\/\/eldiariodesanpedro.com.ar\/sitio\/wp-json\/wp\/v2\/posts"}],"about":[{"href":"https:\/\/eldiariodesanpedro.com.ar\/sitio\/wp-json\/wp\/v2\/types\/post"}],"author":[{"embeddable":true,"href":"https:\/\/eldiariodesanpedro.com.ar\/sitio\/wp-json\/wp\/v2\/users\/4"}],"replies":[{"embeddable":true,"href":"https:\/\/eldiariodesanpedro.com.ar\/sitio\/wp-json\/wp\/v2\/comments?post=35671"}],"version-history":[{"count":2,"href":"https:\/\/eldiariodesanpedro.com.ar\/sitio\/wp-json\/wp\/v2\/posts\/35671\/revisions"}],"predecessor-version":[{"id":35677,"href":"https:\/\/eldiariodesanpedro.com.ar\/sitio\/wp-json\/wp\/v2\/posts\/35671\/revisions\/35677"}],"wp:featuredmedia":[{"embeddable":true,"href":"https:\/\/eldiariodesanpedro.com.ar\/sitio\/wp-json\/wp\/v2\/media\/35673"}],"wp:attachment":[{"href":"https:\/\/eldiariodesanpedro.com.ar\/sitio\/wp-json\/wp\/v2\/media?parent=35671"}],"wp:term":[{"taxonomy":"category","embeddable":true,"href":"https:\/\/eldiariodesanpedro.com.ar\/sitio\/wp-json\/wp\/v2\/categories?post=35671"},{"taxonomy":"post_tag","embeddable":true,"href":"https:\/\/eldiariodesanpedro.com.ar\/sitio\/wp-json\/wp\/v2\/tags?post=35671"}],"curies":[{"name":"wp","href":"https:\/\/api.w.org\/{rel}","templated":true}]}}