{"id":35669,"date":"2018-07-01T20:27:35","date_gmt":"2018-07-01T23:27:35","guid":{"rendered":"https:\/\/eldiariodesanpedro.com.ar\/sitio\/?p=35669"},"modified":"2018-07-01T20:27:35","modified_gmt":"2018-07-01T23:27:35","slug":"siguen-los-robos-a-viveros","status":"publish","type":"post","link":"https:\/\/eldiariodesanpedro.com.ar\/sitio\/siguen-los-robos-a-viveros\/","title":{"rendered":"Siguen los robos a viveros"},"content":{"rendered":"<p><!-- VideographyWP Plugin Message: Automatic video embedding prevented by plugin options. --><br \/>\nEl viernes por la tarde se conoci\u00f3 la noticia, sobre el robo de 40 plantas de jazmines a un vivero. El hecho fue denunciado en la Comisar\u00eda.<\/p>\n<p>Un ciudadano denunci\u00f3 el robo de 40 plantas de jazmines de su vivero. El vivero est\u00e1 ubicado camino a la localidad de Gobernador Castro y al visitar su predio el domingo pasado, el propietario se dio cuenta que malvivientes hab\u00edan sustra\u00eddo las plantas de jazmines que ten\u00eda para la comercializaci\u00f3n.<\/p>\n","protected":false},"excerpt":{"rendered":"<p>El viernes por la tarde se conoci\u00f3 la noticia, sobre el robo de 40 plantas de jazmines a un vivero. El hecho fue denunciado en la Comisar\u00eda. Un ciudadano denunci\u00f3 el robo de 40 plantas de jazmines de su vivero. El vivero est\u00e1 ubicado camino a la localidad de Gobernador Castro y al visitar su [&hellip;]<\/p>\n","protected":false},"author":4,"featured_media":11035,"comment_status":"open","ping_status":"closed","sticky":false,"template":"","format":"standard","meta":{"om_disable_all_campaigns":false,"_jetpack_memberships_contains_paid_content":false,"footnotes":""},"categories":[2,103],"tags":[],"class_list":["post-35669","post","type-post","status-publish","format-standard","has-post-thumbnail","hentry","category-locales","category-policiales-locales"],"aioseo_notices":[],"gutentor_comment":0,"jetpack_featured_media_url":"https:\/\/eldiariodesanpedro.com.ar\/sitio\/wp-content\/uploads\/2016\/12\/vivero.jpg","jetpack_shortlink":"https:\/\/wp.me\/p6RhLt-9hj","jetpack_sharing_enabled":true,"_links":{"self":[{"href":"https:\/\/eldiariodesanpedro.com.ar\/sitio\/wp-json\/wp\/v2\/posts\/35669","targetHints":{"allow":["GET"]}}],"collection":[{"href":"https:\/\/eldiariodesanpedro.com.ar\/sitio\/wp-json\/wp\/v2\/posts"}],"about":[{"href":"https:\/\/eldiariodesanpedro.com.ar\/sitio\/wp-json\/wp\/v2\/types\/post"}],"author":[{"embeddable":true,"href":"https:\/\/eldiariodesanpedro.com.ar\/sitio\/wp-json\/wp\/v2\/users\/4"}],"replies":[{"embeddable":true,"href":"https:\/\/eldiariodesanpedro.com.ar\/sitio\/wp-json\/wp\/v2\/comments?post=35669"}],"version-history":[{"count":2,"href":"https:\/\/eldiariodesanpedro.com.ar\/sitio\/wp-json\/wp\/v2\/posts\/35669\/revisions"}],"predecessor-version":[{"id":35675,"href":"https:\/\/eldiariodesanpedro.com.ar\/sitio\/wp-json\/wp\/v2\/posts\/35669\/revisions\/35675"}],"wp:featuredmedia":[{"embeddable":true,"href":"https:\/\/eldiariodesanpedro.com.ar\/sitio\/wp-json\/wp\/v2\/media\/11035"}],"wp:attachment":[{"href":"https:\/\/eldiariodesanpedro.com.ar\/sitio\/wp-json\/wp\/v2\/media?parent=35669"}],"wp:term":[{"taxonomy":"category","embeddable":true,"href":"https:\/\/eldiariodesanpedro.com.ar\/sitio\/wp-json\/wp\/v2\/categories?post=35669"},{"taxonomy":"post_tag","embeddable":true,"href":"https:\/\/eldiariodesanpedro.com.ar\/sitio\/wp-json\/wp\/v2\/tags?post=35669"}],"curies":[{"name":"wp","href":"https:\/\/api.w.org\/{rel}","templated":true}]}}