{"id":35668,"date":"2018-07-01T20:27:02","date_gmt":"2018-07-01T23:27:02","guid":{"rendered":"https:\/\/eldiariodesanpedro.com.ar\/sitio\/?p=35668"},"modified":"2018-07-01T20:27:02","modified_gmt":"2018-07-01T23:27:02","slug":"dos-delincuentes-que-ingresaron-a-un-domicilio-fueron-aprehendidos","status":"publish","type":"post","link":"https:\/\/eldiariodesanpedro.com.ar\/sitio\/dos-delincuentes-que-ingresaron-a-un-domicilio-fueron-aprehendidos\/","title":{"rendered":"Dos delincuentes que ingresaron a un domicilio fueron aprehendidos"},"content":{"rendered":"<p><!-- VideographyWP Plugin Message: Automatic video embedding prevented by plugin options. --><br \/>\nPersonal policial de nuestra ciudad procedi\u00f3 a la aprehensi\u00f3n de dos hombres mayores de edad con antecedentes quienes, minutos antes, hab\u00edan ingresado a un domicilio ubicado sobre Beaumont al 300.<\/p>\n<p>  El s\u00e1bado dos delincuentes fueron detenidos por oficiales luego que ingresaran a robar a un domicilio de calle Beaumont violentando la puerta de ingreso y logrando sustraer de su interior un televisor LED de 32 pulgadas, mientras sus habitantes no estaban.<\/p>\n<p>  El televisor fue recuperado en un domicilio ubicado sobre calle Almafuerte al 2300, donde reside uno de los ladrones. El otro malhechor fue aprehendido en la v\u00eda p\u00fablica, en la esquina de calles Magliotti y Rivadavia y, cuando los efectivos intentaron reducirlo, el sujeto exhibi\u00f3 un arma blanca para amenazarlos. Finalmente, fue reducido minutos despu\u00e9s. <\/p>\n","protected":false},"excerpt":{"rendered":"<p>Personal policial de nuestra ciudad procedi\u00f3 a la aprehensi\u00f3n de dos hombres mayores de edad con antecedentes quienes, minutos antes, hab\u00edan ingresado a un domicilio ubicado sobre Beaumont al 300. El s\u00e1bado dos delincuentes fueron detenidos por oficiales luego que ingresaran a robar a un domicilio de calle Beaumont violentando la puerta de ingreso y [&hellip;]<\/p>\n","protected":false},"author":4,"featured_media":30123,"comment_status":"open","ping_status":"closed","sticky":false,"template":"","format":"standard","meta":{"om_disable_all_campaigns":false,"_jetpack_memberships_contains_paid_content":false,"footnotes":""},"categories":[2,103],"tags":[],"class_list":["post-35668","post","type-post","status-publish","format-standard","has-post-thumbnail","hentry","category-locales","category-policiales-locales"],"aioseo_notices":[],"gutentor_comment":0,"jetpack_featured_media_url":"https:\/\/eldiariodesanpedro.com.ar\/sitio\/wp-content\/uploads\/2018\/03\/pareja-detenidos.jpg","jetpack_shortlink":"https:\/\/wp.me\/p6RhLt-9hi","jetpack_sharing_enabled":true,"_links":{"self":[{"href":"https:\/\/eldiariodesanpedro.com.ar\/sitio\/wp-json\/wp\/v2\/posts\/35668","targetHints":{"allow":["GET"]}}],"collection":[{"href":"https:\/\/eldiariodesanpedro.com.ar\/sitio\/wp-json\/wp\/v2\/posts"}],"about":[{"href":"https:\/\/eldiariodesanpedro.com.ar\/sitio\/wp-json\/wp\/v2\/types\/post"}],"author":[{"embeddable":true,"href":"https:\/\/eldiariodesanpedro.com.ar\/sitio\/wp-json\/wp\/v2\/users\/4"}],"replies":[{"embeddable":true,"href":"https:\/\/eldiariodesanpedro.com.ar\/sitio\/wp-json\/wp\/v2\/comments?post=35668"}],"version-history":[{"count":2,"href":"https:\/\/eldiariodesanpedro.com.ar\/sitio\/wp-json\/wp\/v2\/posts\/35668\/revisions"}],"predecessor-version":[{"id":35674,"href":"https:\/\/eldiariodesanpedro.com.ar\/sitio\/wp-json\/wp\/v2\/posts\/35668\/revisions\/35674"}],"wp:featuredmedia":[{"embeddable":true,"href":"https:\/\/eldiariodesanpedro.com.ar\/sitio\/wp-json\/wp\/v2\/media\/30123"}],"wp:attachment":[{"href":"https:\/\/eldiariodesanpedro.com.ar\/sitio\/wp-json\/wp\/v2\/media?parent=35668"}],"wp:term":[{"taxonomy":"category","embeddable":true,"href":"https:\/\/eldiariodesanpedro.com.ar\/sitio\/wp-json\/wp\/v2\/categories?post=35668"},{"taxonomy":"post_tag","embeddable":true,"href":"https:\/\/eldiariodesanpedro.com.ar\/sitio\/wp-json\/wp\/v2\/tags?post=35668"}],"curies":[{"name":"wp","href":"https:\/\/api.w.org\/{rel}","templated":true}]}}