{"id":35649,"date":"2018-07-01T18:39:35","date_gmt":"2018-07-01T21:39:35","guid":{"rendered":"https:\/\/eldiariodesanpedro.com.ar\/sitio\/?p=35649"},"modified":"2018-07-01T18:39:35","modified_gmt":"2018-07-01T21:39:35","slug":"dos-automoviles-colisionaron-en-la-manana-del-sabado","status":"publish","type":"post","link":"https:\/\/eldiariodesanpedro.com.ar\/sitio\/dos-automoviles-colisionaron-en-la-manana-del-sabado\/","title":{"rendered":"Dos autom\u00f3viles colisionaron en la ma\u00f1ana del s\u00e1bado"},"content":{"rendered":"<p><!-- VideographyWP Plugin Message: Automatic video embedding prevented by plugin options. --><br \/>\nUn fuerte accidente de tr\u00e1nsito se produjo en la ma\u00f1ana del s\u00e1bado entre dos autom\u00f3viles resultando dos personas lesionadas.<\/p>\n<p>En la ma\u00f1ana del s\u00e1bado alrededor de las 11 hs se produjo un siniestro de tr\u00e1nsito en la esquina de Saavedra y Belgrano entre un autom\u00f3vil Renault Symbol en el que circulaba un masculino de 56 a\u00f1os y su hermana de 57 a\u00f1os; en el otro autom\u00f3vil Renault 12 era conducido por un joven de 21 a\u00f1os de edad quien esta acompa\u00f1ado de otro ciudadano. <\/p>\n<p>Por el accidente fueron trasladados a la guardia del nosocomio local por el SAME los dos ciudadanos que viajaban en el Renault Simbol, en el caso de quienes iban en el otro veh\u00edculo resultaron ilesos. Se hizo presente en el lugar del accidente peritos de la polic\u00eda para tratar de establecer c\u00f3mo sucedi\u00f3 el siniestro.<\/p>\n","protected":false},"excerpt":{"rendered":"<p>Un fuerte accidente de tr\u00e1nsito se produjo en la ma\u00f1ana del s\u00e1bado entre dos autom\u00f3viles resultando dos personas lesionadas. En la ma\u00f1ana del s\u00e1bado alrededor de las 11 hs se produjo un siniestro de tr\u00e1nsito en la esquina de Saavedra y Belgrano entre un autom\u00f3vil Renault Symbol en el que circulaba un masculino de 56 [&hellip;]<\/p>\n","protected":false},"author":4,"featured_media":17705,"comment_status":"open","ping_status":"closed","sticky":false,"template":"","format":"standard","meta":{"om_disable_all_campaigns":false,"_jetpack_memberships_contains_paid_content":false,"footnotes":""},"categories":[2,103],"tags":[],"class_list":["post-35649","post","type-post","status-publish","format-standard","has-post-thumbnail","hentry","category-locales","category-policiales-locales"],"aioseo_notices":[],"gutentor_comment":0,"jetpack_featured_media_url":"https:\/\/eldiariodesanpedro.com.ar\/sitio\/wp-content\/uploads\/2017\/04\/transito-noche.jpg","jetpack_shortlink":"https:\/\/wp.me\/p6RhLt-9gZ","jetpack_sharing_enabled":true,"_links":{"self":[{"href":"https:\/\/eldiariodesanpedro.com.ar\/sitio\/wp-json\/wp\/v2\/posts\/35649","targetHints":{"allow":["GET"]}}],"collection":[{"href":"https:\/\/eldiariodesanpedro.com.ar\/sitio\/wp-json\/wp\/v2\/posts"}],"about":[{"href":"https:\/\/eldiariodesanpedro.com.ar\/sitio\/wp-json\/wp\/v2\/types\/post"}],"author":[{"embeddable":true,"href":"https:\/\/eldiariodesanpedro.com.ar\/sitio\/wp-json\/wp\/v2\/users\/4"}],"replies":[{"embeddable":true,"href":"https:\/\/eldiariodesanpedro.com.ar\/sitio\/wp-json\/wp\/v2\/comments?post=35649"}],"version-history":[{"count":1,"href":"https:\/\/eldiariodesanpedro.com.ar\/sitio\/wp-json\/wp\/v2\/posts\/35649\/revisions"}],"predecessor-version":[{"id":35650,"href":"https:\/\/eldiariodesanpedro.com.ar\/sitio\/wp-json\/wp\/v2\/posts\/35649\/revisions\/35650"}],"wp:featuredmedia":[{"embeddable":true,"href":"https:\/\/eldiariodesanpedro.com.ar\/sitio\/wp-json\/wp\/v2\/media\/17705"}],"wp:attachment":[{"href":"https:\/\/eldiariodesanpedro.com.ar\/sitio\/wp-json\/wp\/v2\/media?parent=35649"}],"wp:term":[{"taxonomy":"category","embeddable":true,"href":"https:\/\/eldiariodesanpedro.com.ar\/sitio\/wp-json\/wp\/v2\/categories?post=35649"},{"taxonomy":"post_tag","embeddable":true,"href":"https:\/\/eldiariodesanpedro.com.ar\/sitio\/wp-json\/wp\/v2\/tags?post=35649"}],"curies":[{"name":"wp","href":"https:\/\/api.w.org\/{rel}","templated":true}]}}