{"id":35647,"date":"2018-07-01T18:36:48","date_gmt":"2018-07-01T21:36:48","guid":{"rendered":"https:\/\/eldiariodesanpedro.com.ar\/sitio\/?p=35647"},"modified":"2018-07-01T18:36:48","modified_gmt":"2018-07-01T21:36:48","slug":"inspectora-de-transito-agredida-por-un-conductor","status":"publish","type":"post","link":"https:\/\/eldiariodesanpedro.com.ar\/sitio\/inspectora-de-transito-agredida-por-un-conductor\/","title":{"rendered":"Inspectora de tr\u00e1nsito agredida por un conductor"},"content":{"rendered":"<p><!-- VideographyWP Plugin Message: Automatic video embedding prevented by plugin options. --><br \/>\nEste s\u00e1bado se produjo un incidente en la que una inspectora de tr\u00e1nsito fue agredida al realizar una multa.<\/p>\n<p>El hecho denunciado en la comisaria local ocurri\u00f3 este s\u00e1bado cuando una inspectora municipal de 31 a\u00f1os que se encontraba realizando un operativo de control vehicular, en el momento que se encontraba realizando el acta de infracci\u00f3n a un masculino, cuando este muchacho comenz\u00f3 agredirla tanto verbalmente como f\u00edsicamente.<\/p>\n<p>Luego de golpear a la empleada que se encontraba realizando su trabajo el sujeto se dio a la fuga en su autom\u00f3vil intentando atropellarla.<\/p>\n","protected":false},"excerpt":{"rendered":"<p>Este s\u00e1bado se produjo un incidente en la que una inspectora de tr\u00e1nsito fue agredida al realizar una multa. El hecho denunciado en la comisaria local ocurri\u00f3 este s\u00e1bado cuando una inspectora municipal de 31 a\u00f1os que se encontraba realizando un operativo de control vehicular, en el momento que se encontraba realizando el acta de [&hellip;]<\/p>\n","protected":false},"author":4,"featured_media":12840,"comment_status":"open","ping_status":"closed","sticky":false,"template":"","format":"standard","meta":{"om_disable_all_campaigns":false,"_jetpack_memberships_contains_paid_content":false,"footnotes":""},"categories":[2,103],"tags":[],"class_list":["post-35647","post","type-post","status-publish","format-standard","has-post-thumbnail","hentry","category-locales","category-policiales-locales"],"aioseo_notices":[],"gutentor_comment":0,"jetpack_featured_media_url":"https:\/\/eldiariodesanpedro.com.ar\/sitio\/wp-content\/uploads\/2017\/01\/movil-inspeccion-municipalidad-san-pedro.jpg","jetpack_shortlink":"https:\/\/wp.me\/p6RhLt-9gX","jetpack_sharing_enabled":true,"_links":{"self":[{"href":"https:\/\/eldiariodesanpedro.com.ar\/sitio\/wp-json\/wp\/v2\/posts\/35647","targetHints":{"allow":["GET"]}}],"collection":[{"href":"https:\/\/eldiariodesanpedro.com.ar\/sitio\/wp-json\/wp\/v2\/posts"}],"about":[{"href":"https:\/\/eldiariodesanpedro.com.ar\/sitio\/wp-json\/wp\/v2\/types\/post"}],"author":[{"embeddable":true,"href":"https:\/\/eldiariodesanpedro.com.ar\/sitio\/wp-json\/wp\/v2\/users\/4"}],"replies":[{"embeddable":true,"href":"https:\/\/eldiariodesanpedro.com.ar\/sitio\/wp-json\/wp\/v2\/comments?post=35647"}],"version-history":[{"count":1,"href":"https:\/\/eldiariodesanpedro.com.ar\/sitio\/wp-json\/wp\/v2\/posts\/35647\/revisions"}],"predecessor-version":[{"id":35648,"href":"https:\/\/eldiariodesanpedro.com.ar\/sitio\/wp-json\/wp\/v2\/posts\/35647\/revisions\/35648"}],"wp:featuredmedia":[{"embeddable":true,"href":"https:\/\/eldiariodesanpedro.com.ar\/sitio\/wp-json\/wp\/v2\/media\/12840"}],"wp:attachment":[{"href":"https:\/\/eldiariodesanpedro.com.ar\/sitio\/wp-json\/wp\/v2\/media?parent=35647"}],"wp:term":[{"taxonomy":"category","embeddable":true,"href":"https:\/\/eldiariodesanpedro.com.ar\/sitio\/wp-json\/wp\/v2\/categories?post=35647"},{"taxonomy":"post_tag","embeddable":true,"href":"https:\/\/eldiariodesanpedro.com.ar\/sitio\/wp-json\/wp\/v2\/tags?post=35647"}],"curies":[{"name":"wp","href":"https:\/\/api.w.org\/{rel}","templated":true}]}}