{"id":35644,"date":"2018-07-01T18:34:35","date_gmt":"2018-07-01T21:34:35","guid":{"rendered":"https:\/\/eldiariodesanpedro.com.ar\/sitio\/?p=35644"},"modified":"2018-07-01T18:34:35","modified_gmt":"2018-07-01T21:34:35","slug":"hallan-parte-de-una-cornamenta-que-pertenecio-a-un-ciervo-prehistorico","status":"publish","type":"post","link":"https:\/\/eldiariodesanpedro.com.ar\/sitio\/hallan-parte-de-una-cornamenta-que-pertenecio-a-un-ciervo-prehistorico\/","title":{"rendered":"Hallan parte de una cornamenta que perteneci\u00f3 a un ciervo prehist\u00f3rico"},"content":{"rendered":"<p><!-- VideographyWP Plugin Message: Automatic video embedding prevented by plugin options. --><br \/>\nFue recuperada en el yacimiento de Campo Sp\u00f3sito por el equipo del Museo Paleontol\u00f3gico.<\/p>\n<p>En una de sus habituales recorridas por el yacimiento de Campo Sp\u00f3sito, en Bajo del Tala, el equipo del Museo Paleontol\u00f3gico de San Pedro acaba de recuperar parte de una cornamenta perteneciente a un Morenelaphus, un ciervo prehist\u00f3rico de mediano tama\u00f1o que habit\u00f3 nuestra zona durante el Cuaternario.<\/p>\n<p>La pieza, expuesta en el terreno por la erosi\u00f3n producida por los agentes naturales, fue observada entre las rocas por el joven Bruno Rolfo, integrante del Grupo Conservacionista de F\u00f3siles.<\/p>\n<p>El f\u00f3sil presenta un buen estado de conservaci\u00f3n, detalle que facilit\u00f3 la identificaci\u00f3n del g\u00e9nero de mam\u00edfero al que perteneci\u00f3.<\/p>\n<p>Los Morenelaphus fueron ciervos de mediano porte, de h\u00e1bitos ramoneadores, que aparecieron en la regi\u00f3n pampeana a fines de la edad Ensenadense. <\/p>\n<p>Estos animales pose\u00edan cornamentas bien desarrolladas, levemente curvadas en forma de \u201cS\u201d, con numerosas ramificaciones aplanadas que terminaban en finas puntas o candiles. Se cree que su h\u00e1bitat estaba asociado a \u00e1reas abiertas, con arbustos bajos, de los cuales aprovechaban sus brotes y hojas.<\/p>\n<p>En San Pedro se han recuperado restos fragmentarios de numerosos ejemplares. Cornamentas, huesos de las extremidades, mand\u00edbulas y un cr\u00e1neo, son algunas de las partes halladas en nuestro partido. Casi todos los restos de estos animales hallados hasta hoy en nuestra zona provienen de Campo Sp\u00f3sito, salvo uno hallado en un sector lindero a Papel Prensa. Al igual que este \u00faltimo f\u00f3sil hallado por Rolfo, todas las piezas provienen de sedimentos depositados durante la edad Bonaerense.<\/p>\n","protected":false},"excerpt":{"rendered":"<p>Fue recuperada en el yacimiento de Campo Sp\u00f3sito por el equipo del Museo Paleontol\u00f3gico. En una de sus habituales recorridas por el yacimiento de Campo Sp\u00f3sito, en Bajo del Tala, el equipo del Museo Paleontol\u00f3gico de San Pedro acaba de recuperar parte de una cornamenta perteneciente a un Morenelaphus, un ciervo prehist\u00f3rico de mediano tama\u00f1o [&hellip;]<\/p>\n","protected":false},"author":4,"featured_media":35645,"comment_status":"open","ping_status":"closed","sticky":false,"template":"","format":"standard","meta":{"om_disable_all_campaigns":false,"_jetpack_memberships_contains_paid_content":false,"footnotes":""},"categories":[101,2],"tags":[],"class_list":["post-35644","post","type-post","status-publish","format-standard","has-post-thumbnail","hentry","category-interes-general-locales","category-locales"],"aioseo_notices":[],"gutentor_comment":0,"jetpack_featured_media_url":"https:\/\/eldiariodesanpedro.com.ar\/sitio\/wp-content\/uploads\/2018\/07\/PAGINA-2.jpg","jetpack_shortlink":"https:\/\/wp.me\/p6RhLt-9gU","jetpack_sharing_enabled":true,"_links":{"self":[{"href":"https:\/\/eldiariodesanpedro.com.ar\/sitio\/wp-json\/wp\/v2\/posts\/35644","targetHints":{"allow":["GET"]}}],"collection":[{"href":"https:\/\/eldiariodesanpedro.com.ar\/sitio\/wp-json\/wp\/v2\/posts"}],"about":[{"href":"https:\/\/eldiariodesanpedro.com.ar\/sitio\/wp-json\/wp\/v2\/types\/post"}],"author":[{"embeddable":true,"href":"https:\/\/eldiariodesanpedro.com.ar\/sitio\/wp-json\/wp\/v2\/users\/4"}],"replies":[{"embeddable":true,"href":"https:\/\/eldiariodesanpedro.com.ar\/sitio\/wp-json\/wp\/v2\/comments?post=35644"}],"version-history":[{"count":1,"href":"https:\/\/eldiariodesanpedro.com.ar\/sitio\/wp-json\/wp\/v2\/posts\/35644\/revisions"}],"predecessor-version":[{"id":35646,"href":"https:\/\/eldiariodesanpedro.com.ar\/sitio\/wp-json\/wp\/v2\/posts\/35644\/revisions\/35646"}],"wp:featuredmedia":[{"embeddable":true,"href":"https:\/\/eldiariodesanpedro.com.ar\/sitio\/wp-json\/wp\/v2\/media\/35645"}],"wp:attachment":[{"href":"https:\/\/eldiariodesanpedro.com.ar\/sitio\/wp-json\/wp\/v2\/media?parent=35644"}],"wp:term":[{"taxonomy":"category","embeddable":true,"href":"https:\/\/eldiariodesanpedro.com.ar\/sitio\/wp-json\/wp\/v2\/categories?post=35644"},{"taxonomy":"post_tag","embeddable":true,"href":"https:\/\/eldiariodesanpedro.com.ar\/sitio\/wp-json\/wp\/v2\/tags?post=35644"}],"curies":[{"name":"wp","href":"https:\/\/api.w.org\/{rel}","templated":true}]}}