{"id":35641,"date":"2018-07-01T18:30:20","date_gmt":"2018-07-01T21:30:20","guid":{"rendered":"https:\/\/eldiariodesanpedro.com.ar\/sitio\/?p=35641"},"modified":"2018-07-01T18:30:20","modified_gmt":"2018-07-01T21:30:20","slug":"se-realizo-con-exito-la-marcha-del-orgullo-lgbtiq","status":"publish","type":"post","link":"https:\/\/eldiariodesanpedro.com.ar\/sitio\/se-realizo-con-exito-la-marcha-del-orgullo-lgbtiq\/","title":{"rendered":"Se realiz\u00f3 con \u00e9xito la marcha del Orgullo LGBTIQ"},"content":{"rendered":"<p><!-- VideographyWP Plugin Message: Automatic video embedding prevented by plugin options. --><br \/>\nPor primera vez se realiz\u00f3 la Marcha por la diversidad en nuestra ciudad con una importante concurrencia de personas y de organizaciones sociales apoyando la manifestaci\u00f3n.<\/p>\n<p>Este s\u00e1bado a partir de las 16 hs se realizo en la esquina de Mitre y peatonal la marcha por Orgullo LGBTIQ (lesbianas, gays, travestis, transexuales, transg\u00e9nero, intersexuales y queers), y cont\u00f3 con la  participaci\u00f3n de artistas locales que desarrollaron diferentes actividades.<\/p>\n<p>Luego de la actuaciones de artistas locales entre los que hubo cantantes y grupos de bailes, se realizo la marcha que fue desde el punto de partida peatonal y Mitre hasta calle Saavedra doblando en ituzaing\u00f3 hasta llegar al Centro C\u00edvico donde se realiz\u00f3 una para simb\u00f3lica y se ley\u00f3 un documento con el objetivo de  visibilizar la iniciativa de que sea aplicada la Ley de Educaci\u00f3n Sexual Integral en todos los niveles y adem\u00e1s para que haya mayor inclusi\u00f3n en las escuelas y tambi\u00e9n la aplicaci\u00f3n de la Ley de Educaci\u00f3n Sexual Integral.<\/p>\n<p>Desde ese lugar se dirigieron hasta la plaza Belgrano donde para terminar se realizo un baile de grupos de Zumba dando finalizaci\u00f3n a la manifestaci\u00f3n<\/p>\n","protected":false},"excerpt":{"rendered":"<p>Por primera vez se realiz\u00f3 la Marcha por la diversidad en nuestra ciudad con una importante concurrencia de personas y de organizaciones sociales apoyando la manifestaci\u00f3n. Este s\u00e1bado a partir de las 16 hs se realizo en la esquina de Mitre y peatonal la marcha por Orgullo LGBTIQ (lesbianas, gays, travestis, transexuales, transg\u00e9nero, intersexuales y [&hellip;]<\/p>\n","protected":false},"author":4,"featured_media":35642,"comment_status":"open","ping_status":"closed","sticky":false,"template":"","format":"standard","meta":{"om_disable_all_campaigns":false,"_jetpack_memberships_contains_paid_content":false,"footnotes":""},"categories":[50,101,2],"tags":[],"class_list":["post-35641","post","type-post","status-publish","format-standard","has-post-thumbnail","hentry","category-destacadas","category-interes-general-locales","category-locales"],"aioseo_notices":[],"gutentor_comment":0,"jetpack_featured_media_url":"https:\/\/eldiariodesanpedro.com.ar\/sitio\/wp-content\/uploads\/2018\/07\/PAGINA-5.jpg","jetpack_shortlink":"https:\/\/wp.me\/p6RhLt-9gR","jetpack_sharing_enabled":true,"_links":{"self":[{"href":"https:\/\/eldiariodesanpedro.com.ar\/sitio\/wp-json\/wp\/v2\/posts\/35641","targetHints":{"allow":["GET"]}}],"collection":[{"href":"https:\/\/eldiariodesanpedro.com.ar\/sitio\/wp-json\/wp\/v2\/posts"}],"about":[{"href":"https:\/\/eldiariodesanpedro.com.ar\/sitio\/wp-json\/wp\/v2\/types\/post"}],"author":[{"embeddable":true,"href":"https:\/\/eldiariodesanpedro.com.ar\/sitio\/wp-json\/wp\/v2\/users\/4"}],"replies":[{"embeddable":true,"href":"https:\/\/eldiariodesanpedro.com.ar\/sitio\/wp-json\/wp\/v2\/comments?post=35641"}],"version-history":[{"count":1,"href":"https:\/\/eldiariodesanpedro.com.ar\/sitio\/wp-json\/wp\/v2\/posts\/35641\/revisions"}],"predecessor-version":[{"id":35643,"href":"https:\/\/eldiariodesanpedro.com.ar\/sitio\/wp-json\/wp\/v2\/posts\/35641\/revisions\/35643"}],"wp:featuredmedia":[{"embeddable":true,"href":"https:\/\/eldiariodesanpedro.com.ar\/sitio\/wp-json\/wp\/v2\/media\/35642"}],"wp:attachment":[{"href":"https:\/\/eldiariodesanpedro.com.ar\/sitio\/wp-json\/wp\/v2\/media?parent=35641"}],"wp:term":[{"taxonomy":"category","embeddable":true,"href":"https:\/\/eldiariodesanpedro.com.ar\/sitio\/wp-json\/wp\/v2\/categories?post=35641"},{"taxonomy":"post_tag","embeddable":true,"href":"https:\/\/eldiariodesanpedro.com.ar\/sitio\/wp-json\/wp\/v2\/tags?post=35641"}],"curies":[{"name":"wp","href":"https:\/\/api.w.org\/{rel}","templated":true}]}}