{"id":35638,"date":"2018-07-01T15:53:23","date_gmt":"2018-07-01T18:53:23","guid":{"rendered":"https:\/\/eldiariodesanpedro.com.ar\/sitio\/?p=35638"},"modified":"2018-07-01T15:53:23","modified_gmt":"2018-07-01T18:53:23","slug":"nuevas-luminarias-led-en-la-plaza-principal-de-rio-tala","status":"publish","type":"post","link":"https:\/\/eldiariodesanpedro.com.ar\/sitio\/nuevas-luminarias-led-en-la-plaza-principal-de-rio-tala\/","title":{"rendered":"Nuevas luminarias LED en la plaza principal de R\u00edo Tala"},"content":{"rendered":"<p><!-- VideographyWP Plugin Message: Automatic video embedding prevented by plugin options. --><br \/>\nContinuando con el trabajo conjunto con COOPSER que ya ha llevado instalaci\u00f3n o renovaci\u00f3n de luminarias en diferentes barrios y localidades de San Pedro, durante la semana pasada se colocaron nuevos artefactos en la Plaza Juan Bautista Zuchi de R\u00edo Tala generando mejores condiciones de seguridad en un espacio muy importante para los vecinos. Adem\u00e1s tambi\u00e9n en conjunto con COOPSER, tres nuevas luminarias de mercurio de 250 Watts en la Estaci\u00f3n del Ferrocarril Mitre de San Pedro.<\/p>\n","protected":false},"excerpt":{"rendered":"<p>Continuando con el trabajo conjunto con COOPSER que ya ha llevado instalaci\u00f3n o renovaci\u00f3n de luminarias en diferentes barrios y localidades de San Pedro, durante la semana pasada se colocaron nuevos artefactos en la Plaza Juan Bautista Zuchi de R\u00edo Tala generando mejores condiciones de seguridad en un espacio muy importante para los vecinos. Adem\u00e1s [&hellip;]<\/p>\n","protected":false},"author":4,"featured_media":35639,"comment_status":"open","ping_status":"closed","sticky":false,"template":"","format":"standard","meta":{"om_disable_all_campaigns":false,"_jetpack_memberships_contains_paid_content":false,"footnotes":""},"categories":[101,2],"tags":[],"class_list":["post-35638","post","type-post","status-publish","format-standard","has-post-thumbnail","hentry","category-interes-general-locales","category-locales"],"aioseo_notices":[],"gutentor_comment":0,"jetpack_featured_media_url":"https:\/\/eldiariodesanpedro.com.ar\/sitio\/wp-content\/uploads\/2018\/07\/luces.jpg","jetpack_shortlink":"https:\/\/wp.me\/p6RhLt-9gO","jetpack_sharing_enabled":true,"_links":{"self":[{"href":"https:\/\/eldiariodesanpedro.com.ar\/sitio\/wp-json\/wp\/v2\/posts\/35638","targetHints":{"allow":["GET"]}}],"collection":[{"href":"https:\/\/eldiariodesanpedro.com.ar\/sitio\/wp-json\/wp\/v2\/posts"}],"about":[{"href":"https:\/\/eldiariodesanpedro.com.ar\/sitio\/wp-json\/wp\/v2\/types\/post"}],"author":[{"embeddable":true,"href":"https:\/\/eldiariodesanpedro.com.ar\/sitio\/wp-json\/wp\/v2\/users\/4"}],"replies":[{"embeddable":true,"href":"https:\/\/eldiariodesanpedro.com.ar\/sitio\/wp-json\/wp\/v2\/comments?post=35638"}],"version-history":[{"count":1,"href":"https:\/\/eldiariodesanpedro.com.ar\/sitio\/wp-json\/wp\/v2\/posts\/35638\/revisions"}],"predecessor-version":[{"id":35640,"href":"https:\/\/eldiariodesanpedro.com.ar\/sitio\/wp-json\/wp\/v2\/posts\/35638\/revisions\/35640"}],"wp:featuredmedia":[{"embeddable":true,"href":"https:\/\/eldiariodesanpedro.com.ar\/sitio\/wp-json\/wp\/v2\/media\/35639"}],"wp:attachment":[{"href":"https:\/\/eldiariodesanpedro.com.ar\/sitio\/wp-json\/wp\/v2\/media?parent=35638"}],"wp:term":[{"taxonomy":"category","embeddable":true,"href":"https:\/\/eldiariodesanpedro.com.ar\/sitio\/wp-json\/wp\/v2\/categories?post=35638"},{"taxonomy":"post_tag","embeddable":true,"href":"https:\/\/eldiariodesanpedro.com.ar\/sitio\/wp-json\/wp\/v2\/tags?post=35638"}],"curies":[{"name":"wp","href":"https:\/\/api.w.org\/{rel}","templated":true}]}}