{"id":35635,"date":"2018-07-01T15:50:07","date_gmt":"2018-07-01T18:50:07","guid":{"rendered":"https:\/\/eldiariodesanpedro.com.ar\/sitio\/?p=35635"},"modified":"2018-07-01T15:50:07","modified_gmt":"2018-07-01T18:50:07","slug":"la-camara-de-viverista-renovo-autoridades","status":"publish","type":"post","link":"https:\/\/eldiariodesanpedro.com.ar\/sitio\/la-camara-de-viverista-renovo-autoridades\/","title":{"rendered":"La c\u00e1mara de viverista renov\u00f3 autoridades"},"content":{"rendered":"<p><!-- VideographyWP Plugin Message: Automatic video embedding prevented by plugin options. --><br \/>\nEl jueves 28 de junio se concret\u00f3 la asamblea anual de la C\u00e1mara de Viveristas.  Se renovaron autoridades y se reafirmaron los acuerdos que mantienen unidos a un sector productivo muy vital para el partido de San Pedro.<\/p>\n<p>Desde la formaci\u00f3n inicial en 2015 que tuvo su constituci\u00f3n a fines de 2016, solo tuvo un cuerpo directivo que se renov\u00f3 en esta ocasi\u00f3n. Abel Gaido cedi\u00f3 su labor de Presidente que oficialmente ostenta seg\u00fan la obtenci\u00f3n de la personer\u00eda jur\u00eddica a Sergio Taurizano. Tambi\u00e9n In\u00e9s Ginart pas\u00f3 \u00ablos libros\u00bb que vio nacer, a las nuevas autoridades.<\/p>\n<p>La reuni\u00f3n super\u00f3 el quorum necesario para su realizaci\u00f3n, que cont\u00f3 con una primera instancia de repaso de la gesti\u00f3n de la C\u00e1mara, que queda en el documento de memoria y balance. En \u00e9l se revisan los tr\u00e1mites de obtenci\u00f3n de personer\u00eda jur\u00eddica, la articulaci\u00f3n con organismos p\u00fablicos como el INTA y del tercer sector como CAME, FEBA y FEBAPRI. Adem\u00e1s se mencionaron los aspectos comunicacionales, desde el logro de un logo identitario, la p\u00e1gina web y la de Facebook, que van incorporando a los socios en su visibilizaci\u00f3n integrada a la c\u00e1mara.<\/p>\n<p>La actividad gremial con la participaci\u00f3n en  mesas provinciales y nacionales, as\u00ed como instancias institucionales en la Mesa Multisectorial de San Pedro, en el Consejo Local Asesor del INTA, y en la continuidad de la integraci\u00f3n en la Comisi\u00f3n de competitividad del Cl\u00faster Flor\u00edcola y Viveros, donde si bien no se logr\u00f3 a\u00fan la aprobaci\u00f3n de los proyectos, fueron trazando un sentido a los pasos de los integrantes de la c\u00e1mara.<\/p>\n<p>Pablo Ojea, que acompa\u00f1a como Gerente el desarrollo institucionl, explica \u00abun a\u00f1o de gesti\u00f3n pasa r\u00e1pido y puede haber movimiento\u00bb. Antes de pasar al cambio de autoridades, Abel Gaido tuvo palabras muy emotivas de agradecimiento y reconocimiento a su familia y pares. Tambi\u00e9n destac\u00f3 la necesidad de un recambio como parte de un desgaste natural que tiene una gesti\u00f3n que en este caso ya alcanzaba los tres a\u00f1os si se consideran los primeros pasos hacia la conformaci\u00f3n de la C\u00e1mara. Por su parte, In\u00e9s Ginart, que tambi\u00e9n estuvo desde el principio, tambi\u00e9n se despidi\u00f3 de su rol y se comprometi\u00f3 a acompa\u00f1ar desde otro.<\/p>\n<p>Tras un trabajo de consenso y voto escrito, se eligi\u00f3 a Sergio Taurizano como Presidente para esta nueva gesti\u00f3n. En su discurso de apertura, reforzo la importancia de cada integrante de la c\u00e1mara de comprometer al vecino que a\u00fan no integra la C\u00e1mara, explicando la importancia de estar enmarcados en una instituci\u00f3n, los beneficios crecientes que van logrando, la posibilidad de pertenencia y el valor ineludible que caracteriza a este grupo: el de la familia viverista. \u00abM\u00e1s all\u00e1 de una actividad productiva y comercial, los viveros son emprendimientos de familias que se deben sostener y acompa\u00f1ar para crecer\u00bb.<\/p>\n<p>El recambio tambi\u00e9n supuso que se sumen a la comisi\u00f3n dos de los m\u00e1s j\u00f3venes, Agust\u00edn Torre y Walter Laurino, as\u00ed como Patricia Vellani, con participaci\u00f3n activa en las actividades que la C\u00e1mara lleva adelante. No pasar\u00e1 mucho tiempo hasta el pr\u00f3ximo encuentro, ya que la C\u00e1mara se prepara para su participaci\u00f3n como en la edici\u00f3n anterior de la Fiesta de la Naranja de Ombligo.<\/p>\n","protected":false},"excerpt":{"rendered":"<p>El jueves 28 de junio se concret\u00f3 la asamblea anual de la C\u00e1mara de Viveristas. Se renovaron autoridades y se reafirmaron los acuerdos que mantienen unidos a un sector productivo muy vital para el partido de San Pedro. Desde la formaci\u00f3n inicial en 2015 que tuvo su constituci\u00f3n a fines de 2016, solo tuvo un [&hellip;]<\/p>\n","protected":false},"author":4,"featured_media":35636,"comment_status":"open","ping_status":"closed","sticky":false,"template":"","format":"standard","meta":{"om_disable_all_campaigns":false,"_jetpack_memberships_contains_paid_content":false,"footnotes":""},"categories":[101,2],"tags":[],"class_list":["post-35635","post","type-post","status-publish","format-standard","has-post-thumbnail","hentry","category-interes-general-locales","category-locales"],"aioseo_notices":[],"gutentor_comment":0,"jetpack_featured_media_url":"https:\/\/eldiariodesanpedro.com.ar\/sitio\/wp-content\/uploads\/2018\/07\/unnamed.jpg","jetpack_shortlink":"https:\/\/wp.me\/p6RhLt-9gL","jetpack_sharing_enabled":true,"_links":{"self":[{"href":"https:\/\/eldiariodesanpedro.com.ar\/sitio\/wp-json\/wp\/v2\/posts\/35635","targetHints":{"allow":["GET"]}}],"collection":[{"href":"https:\/\/eldiariodesanpedro.com.ar\/sitio\/wp-json\/wp\/v2\/posts"}],"about":[{"href":"https:\/\/eldiariodesanpedro.com.ar\/sitio\/wp-json\/wp\/v2\/types\/post"}],"author":[{"embeddable":true,"href":"https:\/\/eldiariodesanpedro.com.ar\/sitio\/wp-json\/wp\/v2\/users\/4"}],"replies":[{"embeddable":true,"href":"https:\/\/eldiariodesanpedro.com.ar\/sitio\/wp-json\/wp\/v2\/comments?post=35635"}],"version-history":[{"count":1,"href":"https:\/\/eldiariodesanpedro.com.ar\/sitio\/wp-json\/wp\/v2\/posts\/35635\/revisions"}],"predecessor-version":[{"id":35637,"href":"https:\/\/eldiariodesanpedro.com.ar\/sitio\/wp-json\/wp\/v2\/posts\/35635\/revisions\/35637"}],"wp:featuredmedia":[{"embeddable":true,"href":"https:\/\/eldiariodesanpedro.com.ar\/sitio\/wp-json\/wp\/v2\/media\/35636"}],"wp:attachment":[{"href":"https:\/\/eldiariodesanpedro.com.ar\/sitio\/wp-json\/wp\/v2\/media?parent=35635"}],"wp:term":[{"taxonomy":"category","embeddable":true,"href":"https:\/\/eldiariodesanpedro.com.ar\/sitio\/wp-json\/wp\/v2\/categories?post=35635"},{"taxonomy":"post_tag","embeddable":true,"href":"https:\/\/eldiariodesanpedro.com.ar\/sitio\/wp-json\/wp\/v2\/tags?post=35635"}],"curies":[{"name":"wp","href":"https:\/\/api.w.org\/{rel}","templated":true}]}}