{"id":3563,"date":"2016-04-22T16:14:44","date_gmt":"2016-04-22T19:14:44","guid":{"rendered":"https:\/\/eldiariodesanpedro.com.ar\/sitio\/?p=3563"},"modified":"2016-04-22T17:10:09","modified_gmt":"2016-04-22T20:10:09","slug":"ya-pueden-cruzar-veihiculos-a-vuelta-de-obligado","status":"publish","type":"post","link":"https:\/\/eldiariodesanpedro.com.ar\/sitio\/ya-pueden-cruzar-veihiculos-a-vuelta-de-obligado\/","title":{"rendered":"Ya pueden cruzar vehiculos a Vuelta de obligado"},"content":{"rendered":"<p><!-- VideographyWP Plugin Message: Automatic video embedding prevented by plugin options. --><br \/>\nA partir de las 15 hs del d\u00eda de hoy, habilitaron el paso de veh\u00edculos en el camino a Vuelta de Obligado, Vialidad trabajo durante toda la ma\u00f1ana \u00a0de hoy sobre la alcantarilla que se derrumbo el s\u00e1bado pasado. Podr\u00e1n circular autos \u00a0y camiones a una velocidad prudente sobre un terrapl\u00e9n construido moment\u00e1neamente hasta que dentro de unas semanas \u00a0comiencen la construcci\u00f3n del puente definitivo.<\/p>\n<p>&nbsp;<\/p>\n<p><img decoding=\"async\" data-attachment-id=\"3565\" data-permalink=\"https:\/\/eldiariodesanpedro.com.ar\/sitio\/ya-pueden-cruzar-veihiculos-a-vuelta-de-obligado\/52580c02-0177-4d38-9fc0-b548d4f2e7a2\/\" data-orig-file=\"https:\/\/eldiariodesanpedro.com.ar\/sitio\/wp-content\/uploads\/2016\/04\/52580c02-0177-4d38-9fc0-b548d4f2e7a2.jpg\" data-orig-size=\"960,576\" data-comments-opened=\"1\" data-image-meta=\"{&quot;aperture&quot;:&quot;0&quot;,&quot;credit&quot;:&quot;&quot;,&quot;camera&quot;:&quot;&quot;,&quot;caption&quot;:&quot;&quot;,&quot;created_timestamp&quot;:&quot;0&quot;,&quot;copyright&quot;:&quot;&quot;,&quot;focal_length&quot;:&quot;0&quot;,&quot;iso&quot;:&quot;0&quot;,&quot;shutter_speed&quot;:&quot;0&quot;,&quot;title&quot;:&quot;&quot;,&quot;orientation&quot;:&quot;0&quot;}\" data-image-title=\"52580c02-0177-4d38-9fc0-b548d4f2e7a2\" data-image-description=\"\" data-image-caption=\"\" data-large-file=\"https:\/\/eldiariodesanpedro.com.ar\/sitio\/wp-content\/uploads\/2016\/04\/52580c02-0177-4d38-9fc0-b548d4f2e7a2.jpg\" class=\"alignnone size-full wp-image-3565 lazyload\" data-src=\"https:\/\/eldiariodesanpedro.com.ar\/sitio\/wp-content\/uploads\/2016\/04\/52580c02-0177-4d38-9fc0-b548d4f2e7a2.jpg\" alt=\"52580c02-0177-4d38-9fc0-b548d4f2e7a2\" width=\"960\" height=\"576\" data-srcset=\"https:\/\/eldiariodesanpedro.com.ar\/sitio\/wp-content\/uploads\/2016\/04\/52580c02-0177-4d38-9fc0-b548d4f2e7a2.jpg 960w, https:\/\/eldiariodesanpedro.com.ar\/sitio\/wp-content\/uploads\/2016\/04\/52580c02-0177-4d38-9fc0-b548d4f2e7a2-300x180.jpg 300w, https:\/\/eldiariodesanpedro.com.ar\/sitio\/wp-content\/uploads\/2016\/04\/52580c02-0177-4d38-9fc0-b548d4f2e7a2-768x461.jpg 768w\" data-sizes=\"(max-width: 960px) 100vw, 960px\" src=\"data:image\/svg+xml;base64,PHN2ZyB3aWR0aD0iMSIgaGVpZ2h0PSIxIiB4bWxucz0iaHR0cDovL3d3dy53My5vcmcvMjAwMC9zdmciPjwvc3ZnPg==\" style=\"--smush-placeholder-width: 960px; --smush-placeholder-aspect-ratio: 960\/576;\" \/><\/p>\n","protected":false},"excerpt":{"rendered":"<p>A partir de las 15 hs del d\u00eda de hoy, habilitaron el paso de veh\u00edculos en el camino a Vuelta de Obligado, Vialidad trabajo durante toda la ma\u00f1ana \u00a0de hoy sobre la alcantarilla que se derrumbo el s\u00e1bado pasado. Podr\u00e1n circular autos \u00a0y camiones a una velocidad prudente sobre un terrapl\u00e9n construido moment\u00e1neamente hasta que [&hellip;]<\/p>\n","protected":false},"author":4,"featured_media":3564,"comment_status":"open","ping_status":"closed","sticky":false,"template":"","format":"standard","meta":{"om_disable_all_campaigns":false,"_jetpack_memberships_contains_paid_content":false,"footnotes":""},"categories":[50,101,2],"tags":[],"class_list":["post-3563","post","type-post","status-publish","format-standard","has-post-thumbnail","hentry","category-destacadas","category-interes-general-locales","category-locales"],"aioseo_notices":[],"gutentor_comment":0,"jetpack_featured_media_url":"https:\/\/eldiariodesanpedro.com.ar\/sitio\/wp-content\/uploads\/2016\/04\/5ebdb422-0143-4482-8643-b42d8a0830cb.jpg","jetpack_shortlink":"https:\/\/wp.me\/p6RhLt-Vt","jetpack_sharing_enabled":true,"_links":{"self":[{"href":"https:\/\/eldiariodesanpedro.com.ar\/sitio\/wp-json\/wp\/v2\/posts\/3563","targetHints":{"allow":["GET"]}}],"collection":[{"href":"https:\/\/eldiariodesanpedro.com.ar\/sitio\/wp-json\/wp\/v2\/posts"}],"about":[{"href":"https:\/\/eldiariodesanpedro.com.ar\/sitio\/wp-json\/wp\/v2\/types\/post"}],"author":[{"embeddable":true,"href":"https:\/\/eldiariodesanpedro.com.ar\/sitio\/wp-json\/wp\/v2\/users\/4"}],"replies":[{"embeddable":true,"href":"https:\/\/eldiariodesanpedro.com.ar\/sitio\/wp-json\/wp\/v2\/comments?post=3563"}],"version-history":[{"count":2,"href":"https:\/\/eldiariodesanpedro.com.ar\/sitio\/wp-json\/wp\/v2\/posts\/3563\/revisions"}],"predecessor-version":[{"id":3567,"href":"https:\/\/eldiariodesanpedro.com.ar\/sitio\/wp-json\/wp\/v2\/posts\/3563\/revisions\/3567"}],"wp:featuredmedia":[{"embeddable":true,"href":"https:\/\/eldiariodesanpedro.com.ar\/sitio\/wp-json\/wp\/v2\/media\/3564"}],"wp:attachment":[{"href":"https:\/\/eldiariodesanpedro.com.ar\/sitio\/wp-json\/wp\/v2\/media?parent=3563"}],"wp:term":[{"taxonomy":"category","embeddable":true,"href":"https:\/\/eldiariodesanpedro.com.ar\/sitio\/wp-json\/wp\/v2\/categories?post=3563"},{"taxonomy":"post_tag","embeddable":true,"href":"https:\/\/eldiariodesanpedro.com.ar\/sitio\/wp-json\/wp\/v2\/tags?post=3563"}],"curies":[{"name":"wp","href":"https:\/\/api.w.org\/{rel}","templated":true}]}}