{"id":35626,"date":"2018-06-30T10:06:18","date_gmt":"2018-06-30T13:06:18","guid":{"rendered":"https:\/\/eldiariodesanpedro.com.ar\/sitio\/?p=35626"},"modified":"2018-06-30T10:06:18","modified_gmt":"2018-06-30T13:06:18","slug":"nuevamente-se-realizo-operativo-de-saturacion-y-hubo-cinco-aprehendidos","status":"publish","type":"post","link":"https:\/\/eldiariodesanpedro.com.ar\/sitio\/nuevamente-se-realizo-operativo-de-saturacion-y-hubo-cinco-aprehendidos\/","title":{"rendered":"Nuevamente se realiz\u00f3  Operativo de Saturaci\u00f3n y hubo cinco aprehendidos"},"content":{"rendered":"<p><!-- VideographyWP Plugin Message: Automatic video embedding prevented by plugin options. --><br \/>\nNuevamente, Personal policial de la Delegaci\u00f3n de Narcotr\u00e1fico San Nicol\u00e1s, con la colaboraci\u00f3n de DDI, comisar\u00eda local, UPPL (Unidad de Prevenci\u00f3n Polic\u00eda Local), realizaron un Operativo de Saturaci\u00f3n, esta madrugada del s\u00e1bado.<\/p>\n<p>El Operativo se llev\u00f3 a cabo en diferentes barrios de nuestra ciudad, cuando finalmente en el barrio Hermano Indio<br \/>\nse procedi\u00f3 a la aprehensi\u00f3n de cinco ciudadanos,  dos de 25 a\u00f1os de edad, otro de 43, 26 y 27.<\/p>\n<p>Maximiliano Abaca, es uno de los aprehendidos con frondosos antecedentes, secuestrandose un  arma de fuego denominada tumbera, con dos cartuchos calibres 12\/70, uno de los cuales estaba alojado en la recamara, la cual descarta al ver  personal policial.<\/p>\n<p>Todos fueron trasladados a la Dependencia local y en comunicaci\u00f3n con la Fiscal\u00eda N\u00ba5, a cargo del Dr Manso, dispone Notificaci\u00f3n de Actuaciones.<\/p>\n","protected":false},"excerpt":{"rendered":"<p>Nuevamente, Personal policial de la Delegaci\u00f3n de Narcotr\u00e1fico San Nicol\u00e1s, con la colaboraci\u00f3n de DDI, comisar\u00eda local, UPPL (Unidad de Prevenci\u00f3n Polic\u00eda Local), realizaron un Operativo de Saturaci\u00f3n, esta madrugada del s\u00e1bado. El Operativo se llev\u00f3 a cabo en diferentes barrios de nuestra ciudad, cuando finalmente en el barrio Hermano Indio se procedi\u00f3 a la [&hellip;]<\/p>\n","protected":false},"author":4,"featured_media":35280,"comment_status":"open","ping_status":"closed","sticky":false,"template":"","format":"standard","meta":{"om_disable_all_campaigns":false,"_jetpack_memberships_contains_paid_content":false,"footnotes":""},"categories":[50,2,103],"tags":[],"class_list":["post-35626","post","type-post","status-publish","format-standard","has-post-thumbnail","hentry","category-destacadas","category-locales","category-policiales-locales"],"aioseo_notices":[],"gutentor_comment":0,"jetpack_featured_media_url":"https:\/\/eldiariodesanpedro.com.ar\/sitio\/wp-content\/uploads\/2018\/06\/operativo-DDA.jpeg","jetpack_shortlink":"https:\/\/wp.me\/p6RhLt-9gC","jetpack_sharing_enabled":true,"_links":{"self":[{"href":"https:\/\/eldiariodesanpedro.com.ar\/sitio\/wp-json\/wp\/v2\/posts\/35626","targetHints":{"allow":["GET"]}}],"collection":[{"href":"https:\/\/eldiariodesanpedro.com.ar\/sitio\/wp-json\/wp\/v2\/posts"}],"about":[{"href":"https:\/\/eldiariodesanpedro.com.ar\/sitio\/wp-json\/wp\/v2\/types\/post"}],"author":[{"embeddable":true,"href":"https:\/\/eldiariodesanpedro.com.ar\/sitio\/wp-json\/wp\/v2\/users\/4"}],"replies":[{"embeddable":true,"href":"https:\/\/eldiariodesanpedro.com.ar\/sitio\/wp-json\/wp\/v2\/comments?post=35626"}],"version-history":[{"count":1,"href":"https:\/\/eldiariodesanpedro.com.ar\/sitio\/wp-json\/wp\/v2\/posts\/35626\/revisions"}],"predecessor-version":[{"id":35627,"href":"https:\/\/eldiariodesanpedro.com.ar\/sitio\/wp-json\/wp\/v2\/posts\/35626\/revisions\/35627"}],"wp:featuredmedia":[{"embeddable":true,"href":"https:\/\/eldiariodesanpedro.com.ar\/sitio\/wp-json\/wp\/v2\/media\/35280"}],"wp:attachment":[{"href":"https:\/\/eldiariodesanpedro.com.ar\/sitio\/wp-json\/wp\/v2\/media?parent=35626"}],"wp:term":[{"taxonomy":"category","embeddable":true,"href":"https:\/\/eldiariodesanpedro.com.ar\/sitio\/wp-json\/wp\/v2\/categories?post=35626"},{"taxonomy":"post_tag","embeddable":true,"href":"https:\/\/eldiariodesanpedro.com.ar\/sitio\/wp-json\/wp\/v2\/tags?post=35626"}],"curies":[{"name":"wp","href":"https:\/\/api.w.org\/{rel}","templated":true}]}}