{"id":35624,"date":"2018-06-30T09:25:52","date_gmt":"2018-06-30T12:25:52","guid":{"rendered":"https:\/\/eldiariodesanpedro.com.ar\/sitio\/?p=35624"},"modified":"2018-06-30T09:25:52","modified_gmt":"2018-06-30T12:25:52","slug":"se-recupero-la-bicicleta-que-fue-robada-en-la-escuela-no1","status":"publish","type":"post","link":"https:\/\/eldiariodesanpedro.com.ar\/sitio\/se-recupero-la-bicicleta-que-fue-robada-en-la-escuela-no1\/","title":{"rendered":"Se recuper\u00f3 la bicicleta que fue robada en la Escuela N\u00ba1"},"content":{"rendered":"<p><!-- VideographyWP Plugin Message: Automatic video embedding prevented by plugin options. --><br \/>\nEste viernes se pudo realizar un allanamiento de urgencia, tras tareas investigativas, y se recuper\u00f3 la bicicleta todo terreno que hab\u00eda sido sustra\u00edda de la Instituci\u00f3n el d\u00eda jueves.<\/p>\n<p>El hecho hab\u00eda ocurrido el  jueves por la ma\u00f1ana. Un alumno de la Escuela N\u00ba 1, ubicada en la intersecci\u00f3n de calles Bartolom\u00e9 Mitre e Hip\u00f3lito Irigoyen, hab\u00eda guardado su bicicleta todo terreno dentro del Establecimiento como todos los d\u00edas y, al terminar la jornada escolar, constataba que le hab\u00edan sustra\u00eddo el rodado.<\/p>\n<p>Siendo las 13.30hs del viernes, personal del Gabinete Criminol\u00f3gico, tras tareas investigativas, procedi\u00f3 a realizar un allanamiento de urgencia en una vivienda ubicada en calle Balcarce al 1500.<br \/>\nComo resultado se procedi\u00f3 al secuestro de una bicicleta X Terra Todo Terreno, de color celeste con letras blancas, rodado 26, la cual hab\u00eda sido sustra\u00edda del interior de la Escuela N\u00ba1.<\/p>\n","protected":false},"excerpt":{"rendered":"<p>Este viernes se pudo realizar un allanamiento de urgencia, tras tareas investigativas, y se recuper\u00f3 la bicicleta todo terreno que hab\u00eda sido sustra\u00edda de la Instituci\u00f3n el d\u00eda jueves. El hecho hab\u00eda ocurrido el jueves por la ma\u00f1ana. Un alumno de la Escuela N\u00ba 1, ubicada en la intersecci\u00f3n de calles Bartolom\u00e9 Mitre e Hip\u00f3lito [&hellip;]<\/p>\n","protected":false},"author":4,"featured_media":35547,"comment_status":"open","ping_status":"closed","sticky":false,"template":"","format":"standard","meta":{"om_disable_all_campaigns":false,"_jetpack_memberships_contains_paid_content":false,"footnotes":""},"categories":[50,2,103],"tags":[],"class_list":["post-35624","post","type-post","status-publish","format-standard","has-post-thumbnail","hentry","category-destacadas","category-locales","category-policiales-locales"],"aioseo_notices":[],"gutentor_comment":0,"jetpack_featured_media_url":"https:\/\/eldiariodesanpedro.com.ar\/sitio\/wp-content\/uploads\/2018\/06\/escuela-1.jpg","jetpack_shortlink":"https:\/\/wp.me\/p6RhLt-9gA","jetpack_sharing_enabled":true,"_links":{"self":[{"href":"https:\/\/eldiariodesanpedro.com.ar\/sitio\/wp-json\/wp\/v2\/posts\/35624","targetHints":{"allow":["GET"]}}],"collection":[{"href":"https:\/\/eldiariodesanpedro.com.ar\/sitio\/wp-json\/wp\/v2\/posts"}],"about":[{"href":"https:\/\/eldiariodesanpedro.com.ar\/sitio\/wp-json\/wp\/v2\/types\/post"}],"author":[{"embeddable":true,"href":"https:\/\/eldiariodesanpedro.com.ar\/sitio\/wp-json\/wp\/v2\/users\/4"}],"replies":[{"embeddable":true,"href":"https:\/\/eldiariodesanpedro.com.ar\/sitio\/wp-json\/wp\/v2\/comments?post=35624"}],"version-history":[{"count":1,"href":"https:\/\/eldiariodesanpedro.com.ar\/sitio\/wp-json\/wp\/v2\/posts\/35624\/revisions"}],"predecessor-version":[{"id":35625,"href":"https:\/\/eldiariodesanpedro.com.ar\/sitio\/wp-json\/wp\/v2\/posts\/35624\/revisions\/35625"}],"wp:featuredmedia":[{"embeddable":true,"href":"https:\/\/eldiariodesanpedro.com.ar\/sitio\/wp-json\/wp\/v2\/media\/35547"}],"wp:attachment":[{"href":"https:\/\/eldiariodesanpedro.com.ar\/sitio\/wp-json\/wp\/v2\/media?parent=35624"}],"wp:term":[{"taxonomy":"category","embeddable":true,"href":"https:\/\/eldiariodesanpedro.com.ar\/sitio\/wp-json\/wp\/v2\/categories?post=35624"},{"taxonomy":"post_tag","embeddable":true,"href":"https:\/\/eldiariodesanpedro.com.ar\/sitio\/wp-json\/wp\/v2\/tags?post=35624"}],"curies":[{"name":"wp","href":"https:\/\/api.w.org\/{rel}","templated":true}]}}