{"id":35614,"date":"2018-06-29T21:46:09","date_gmt":"2018-06-30T00:46:09","guid":{"rendered":"https:\/\/eldiariodesanpedro.com.ar\/sitio\/?p=35614"},"modified":"2026-01-24T00:13:21","modified_gmt":"2026-01-24T03:13:21","slug":"torneos-bonaerenses-culmino-la-etapa-local-en-deportes-y-cultura","status":"publish","type":"post","link":"https:\/\/eldiariodesanpedro.com.ar\/sitio\/torneos-bonaerenses-culmino-la-etapa-local-en-deportes-y-cultura\/","title":{"rendered":"TORNEOS BONAERENSES: Culmin\u00f3 la etapa local en deportes y cultura"},"content":{"rendered":"<p><!-- VideographyWP Plugin Message: Automatic video embedding prevented by plugin options. --><br \/>\n  Por el momento hay dos clasificados a Mar del Plata, ellos son Marco Paladini en Acuatl\u00f3n y Sub 13 de B\u00e1squet, mientras que muchas de las actividades deportivas deben buscar un lugar en la Final Provincial, en el Regional. Este viernes culmin\u00f3 con f\u00fatbol 11 la actividad prevista en deportes. <\/p>\n<p>  El 2 de agosto, los ganadores de la Etapa Local de Cultura, deber\u00e1n viajar a Pergamino donde, a partir de las 8.30 hs. comenzar\u00e1n a participar de la etapa Regional, los ganadores acceder\u00e1n a la Final Provincial en la ciudad de Mar Del Plata.<\/p>\n","protected":false},"excerpt":{"rendered":"<p>Por el momento hay dos clasificados a Mar del Plata, ellos son Marco Paladini en Acuatl\u00f3n y Sub 13 de B\u00e1squet, mientras que muchas de las actividades deportivas deben buscar un lugar en la Final Provincial, en el Regional. Este viernes culmin\u00f3 con f\u00fatbol 11 la actividad prevista en deportes. El 2 de agosto, los [&hellip;]<\/p>\n","protected":false},"author":4,"featured_media":35616,"comment_status":"open","ping_status":"closed","sticky":false,"template":"","format":"standard","meta":{"om_disable_all_campaigns":false,"_jetpack_memberships_contains_paid_content":false,"footnotes":""},"categories":[5],"tags":[],"class_list":["post-35614","post","type-post","status-publish","format-standard","has-post-thumbnail","hentry","category-deportes"],"aioseo_notices":[],"gutentor_comment":0,"jetpack_featured_media_url":"https:\/\/eldiariodesanpedro.com.ar\/sitio\/wp-content\/uploads\/2018\/06\/torneos-bonaerenses-futbol.jpg","jetpack_shortlink":"https:\/\/wp.me\/p6RhLt-9gq","jetpack_sharing_enabled":true,"_links":{"self":[{"href":"https:\/\/eldiariodesanpedro.com.ar\/sitio\/wp-json\/wp\/v2\/posts\/35614","targetHints":{"allow":["GET"]}}],"collection":[{"href":"https:\/\/eldiariodesanpedro.com.ar\/sitio\/wp-json\/wp\/v2\/posts"}],"about":[{"href":"https:\/\/eldiariodesanpedro.com.ar\/sitio\/wp-json\/wp\/v2\/types\/post"}],"author":[{"embeddable":true,"href":"https:\/\/eldiariodesanpedro.com.ar\/sitio\/wp-json\/wp\/v2\/users\/4"}],"replies":[{"embeddable":true,"href":"https:\/\/eldiariodesanpedro.com.ar\/sitio\/wp-json\/wp\/v2\/comments?post=35614"}],"version-history":[{"count":1,"href":"https:\/\/eldiariodesanpedro.com.ar\/sitio\/wp-json\/wp\/v2\/posts\/35614\/revisions"}],"predecessor-version":[{"id":35620,"href":"https:\/\/eldiariodesanpedro.com.ar\/sitio\/wp-json\/wp\/v2\/posts\/35614\/revisions\/35620"}],"wp:featuredmedia":[{"embeddable":true,"href":"https:\/\/eldiariodesanpedro.com.ar\/sitio\/wp-json\/wp\/v2\/media\/35616"}],"wp:attachment":[{"href":"https:\/\/eldiariodesanpedro.com.ar\/sitio\/wp-json\/wp\/v2\/media?parent=35614"}],"wp:term":[{"taxonomy":"category","embeddable":true,"href":"https:\/\/eldiariodesanpedro.com.ar\/sitio\/wp-json\/wp\/v2\/categories?post=35614"},{"taxonomy":"post_tag","embeddable":true,"href":"https:\/\/eldiariodesanpedro.com.ar\/sitio\/wp-json\/wp\/v2\/tags?post=35614"}],"curies":[{"name":"wp","href":"https:\/\/api.w.org\/{rel}","templated":true}]}}