{"id":35611,"date":"2018-06-29T21:45:04","date_gmt":"2018-06-30T00:45:04","guid":{"rendered":"https:\/\/eldiariodesanpedro.com.ar\/sitio\/?p=35611"},"modified":"2026-01-24T00:13:21","modified_gmt":"2026-01-24T03:13:21","slug":"ciclismo-hoy-programa-en-el-panoramico-triunfos-de-ciclistas-locales-en-colon","status":"publish","type":"post","link":"https:\/\/eldiariodesanpedro.com.ar\/sitio\/ciclismo-hoy-programa-en-el-panoramico-triunfos-de-ciclistas-locales-en-colon\/","title":{"rendered":"CICLISMO: Hoy programa en el Panor\u00e1mico. Triunfos de ciclistas locales en Col\u00f3n"},"content":{"rendered":"<p><!-- VideographyWP Plugin Message: Automatic video embedding prevented by plugin options. --><br \/>\nEste s\u00e1bado desde las 13 hs. organizada por Pro-Ciclismo San Pedro y Fiscalizada por ACINOBA habr\u00e1 actividad para todas las categor\u00edas.<\/p>\n<p>En la semana actividad en Col\u00f3n<br \/>\n  Un importante programa cicl\u00edstico se llev\u00f3 a cabo en la ciudad bonaerense de Col\u00f3n, con la organizaci\u00f3n de la subcomisi\u00f3n de ciclismo del Club Nueve de Julio y fiscalizado por la Asociaci\u00f3n Ciclista Juninense.<br \/>\n  Destacada participaci\u00f3n de los representantes sampedrinos y as\u00ed se dieron los resultados: <\/p>\n<p>CATEGOR\u00cdA: INFANTILES<br \/>\n2012- 2013:<br \/>\n1\u00ba Just\u00edn Giuliani (San Pedro)<\/p>\n<p>2010-2011:<br \/>\n1\u00ba Nicol\u00e1s Molina (Col\u00f3n)<br \/>\n2\u00ba Tom\u00e1s Olgu\u00edn (Col\u00f3n)<br \/>\n3\u00ba Salvador Gru\u00f1eiro (San Nicol\u00e1s)<br \/>\n4\u00ba Agust\u00edn Herrera (Jun\u00edn)<br \/>\n5\u00ba Laureano Cardozo (San Pedro)<\/p>\n<p>2008-2009:<br \/>\n1\u00ba Sebasti\u00e1n Albornoz (Villa Constituci\u00f3n)<br \/>\n2\u00ba Federico Vel\u00e1zquez (San Nicol\u00e1s)<br \/>\n3\u00ba Tom\u00e1s Guillotti (Lincoln)<br \/>\n4\u00ba Fantino Giuliani (San Pedro)<br \/>\n5\u00ba Marcos Alconchel (Villa Constituci\u00f3n)<\/p>\n<p>CATEGOR\u00cdA: MENORES DE 40<br \/>\n1\u00ba C\u00e9sar L\u00f3pez (Pergamino)<br \/>\n2\u00ba Lucas Vera (Col\u00f3n)<br \/>\n3\u00ba Diego Ojeda (Pergamino)<br \/>\n4\u00ba Edgardo Marcelini (Col\u00f3n)<br \/>\n5\u00ba Ignacio Garc\u00eda (Santa Luc\u00eda)<\/p>\n<p>CATEGOR\u00cdA: MAYORES DE 40<br \/>\n1\u00ba Daniel Boaglio, Daniel (San Pedro)<br \/>\n2\u00ba Rub\u00e9n G\u00f3mez (Col\u00f3n)<br \/>\n3\u00ba Mauricio Gim\u00e9nez (Gral. Pintos)<br \/>\n4\u00ba Oscar Miranda (Ferr\u00e9)<br \/>\n5\u00ba Adri\u00e1n Molina (Col\u00f3n)<\/p>\n<p>CATEGOR\u00cdA: PROMO, M\u00c1STER A Y B<br \/>\n1\u00ba Lukas Dundik (Salto)<br \/>\n2\u00ba Donato Defelice (Col\u00f3n)<br \/>\n3\u00ba Mat\u00edas N\u00fa\u00f1ez (Col\u00f3n)<br \/>\n4\u00ba Leandro Rearte (Col\u00f3n)<br \/>\n5\u00ba Adri\u00e1n Mendoza (San Pedro)<\/p>\n","protected":false},"excerpt":{"rendered":"<p>Este s\u00e1bado desde las 13 hs. organizada por Pro-Ciclismo San Pedro y Fiscalizada por ACINOBA habr\u00e1 actividad para todas las categor\u00edas. En la semana actividad en Col\u00f3n Un importante programa cicl\u00edstico se llev\u00f3 a cabo en la ciudad bonaerense de Col\u00f3n, con la organizaci\u00f3n de la subcomisi\u00f3n de ciclismo del Club Nueve de Julio y [&hellip;]<\/p>\n","protected":false},"author":4,"featured_media":24046,"comment_status":"open","ping_status":"closed","sticky":false,"template":"","format":"standard","meta":{"om_disable_all_campaigns":false,"_jetpack_memberships_contains_paid_content":false,"footnotes":""},"categories":[5],"tags":[],"class_list":["post-35611","post","type-post","status-publish","format-standard","has-post-thumbnail","hentry","category-deportes"],"aioseo_notices":[],"gutentor_comment":0,"jetpack_featured_media_url":"https:\/\/eldiariodesanpedro.com.ar\/sitio\/wp-content\/uploads\/2017\/10\/ciclismo-2.jpg","jetpack_shortlink":"https:\/\/wp.me\/p6RhLt-9gn","jetpack_sharing_enabled":true,"_links":{"self":[{"href":"https:\/\/eldiariodesanpedro.com.ar\/sitio\/wp-json\/wp\/v2\/posts\/35611","targetHints":{"allow":["GET"]}}],"collection":[{"href":"https:\/\/eldiariodesanpedro.com.ar\/sitio\/wp-json\/wp\/v2\/posts"}],"about":[{"href":"https:\/\/eldiariodesanpedro.com.ar\/sitio\/wp-json\/wp\/v2\/types\/post"}],"author":[{"embeddable":true,"href":"https:\/\/eldiariodesanpedro.com.ar\/sitio\/wp-json\/wp\/v2\/users\/4"}],"replies":[{"embeddable":true,"href":"https:\/\/eldiariodesanpedro.com.ar\/sitio\/wp-json\/wp\/v2\/comments?post=35611"}],"version-history":[{"count":2,"href":"https:\/\/eldiariodesanpedro.com.ar\/sitio\/wp-json\/wp\/v2\/posts\/35611\/revisions"}],"predecessor-version":[{"id":35619,"href":"https:\/\/eldiariodesanpedro.com.ar\/sitio\/wp-json\/wp\/v2\/posts\/35611\/revisions\/35619"}],"wp:featuredmedia":[{"embeddable":true,"href":"https:\/\/eldiariodesanpedro.com.ar\/sitio\/wp-json\/wp\/v2\/media\/24046"}],"wp:attachment":[{"href":"https:\/\/eldiariodesanpedro.com.ar\/sitio\/wp-json\/wp\/v2\/media?parent=35611"}],"wp:term":[{"taxonomy":"category","embeddable":true,"href":"https:\/\/eldiariodesanpedro.com.ar\/sitio\/wp-json\/wp\/v2\/categories?post=35611"},{"taxonomy":"post_tag","embeddable":true,"href":"https:\/\/eldiariodesanpedro.com.ar\/sitio\/wp-json\/wp\/v2\/tags?post=35611"}],"curies":[{"name":"wp","href":"https:\/\/api.w.org\/{rel}","templated":true}]}}