{"id":35610,"date":"2018-06-29T21:44:09","date_gmt":"2018-06-30T00:44:09","guid":{"rendered":"https:\/\/eldiariodesanpedro.com.ar\/sitio\/?p=35610"},"modified":"2026-01-24T00:13:21","modified_gmt":"2026-01-24T03:13:21","slug":"torneo-nacional-juvenil-san-pedro-esta-en-marcha","status":"publish","type":"post","link":"https:\/\/eldiariodesanpedro.com.ar\/sitio\/torneo-nacional-juvenil-san-pedro-esta-en-marcha\/","title":{"rendered":"TORNEO NACIONAL JUVENIL: San Pedro est\u00e1 en marcha"},"content":{"rendered":"<p><!-- VideographyWP Plugin Message: Automatic video embedding prevented by plugin options. --><br \/>\nDesde esta semana el seleccionado Sub 15 de la Liga Sampedrina trabaja pensando en el Torneo Nacional de la categor\u00eda que organiza el Consejo Federal y en su primera etapa coordina Federaci\u00f3n Norte de F\u00fatbol.<br \/>\n  El t\u00e9cnico es Gerardo Bian y el plantel Sub 15 (cat. 2003) que, realiz\u00f3 su presentaci\u00f3n trabajando en el predio \u201cPablo Noat\u201d del Club La Esperanza, es el siguiente:<br \/>\nRodrigo Ram\u00edrez y Maximiliano Balbuena (Am\u00e9rica), Manuel Palavecino y Benjam\u00edn Z\u00e1rate (Agricultores Club), Facundo Soto, Luis Montenegro y Bautista Colombo (Banfield), Nahuel Dibiase y Ramiro Reynoso (Central C\u00f3rdoba), Juli\u00e1n Magliotti (Def. Unidos), Benjam\u00edn D\u00edaz, M\u00e1ximo Giolito, Joaqu\u00edn Vaquero y Genaro Vulcano (Gral. San Mart\u00edn), Pa\u00fal Montes, Ariel Negrete, Fabricio Sacc\u00e1 y Brian Soto (Independencia FC), Esteban Astorga, Andr\u00e9s Biain, Benjam\u00edn Corbal\u00e1n, Alan Fern\u00e1ndez, Joaqu\u00edn N\u00fa\u00f1ez, Ignacio Tod\u00f3n y Valent\u00edn Saucedo (La Esperanza), Mat\u00edas Abraham, Manuel Butti, Ger\u00f3nimo Cabrera, Facundo Lencina, Genaro Novaro y Tom\u00e1s Piquioni (Mitre), Diego Rafael D\u00edaz (Las Palmeras), Augusto Azimonti, Juli\u00e1n Barrios y Juan Ignacio Zapata (Paran\u00e1 FC), Jord\u00e1n Molina y Leonel Quiroz (San Roque FC).<\/p>\n","protected":false},"excerpt":{"rendered":"<p>Desde esta semana el seleccionado Sub 15 de la Liga Sampedrina trabaja pensando en el Torneo Nacional de la categor\u00eda que organiza el Consejo Federal y en su primera etapa coordina Federaci\u00f3n Norte de F\u00fatbol. El t\u00e9cnico es Gerardo Bian y el plantel Sub 15 (cat. 2003) que, realiz\u00f3 su presentaci\u00f3n trabajando en el predio [&hellip;]<\/p>\n","protected":false},"author":4,"featured_media":12943,"comment_status":"open","ping_status":"closed","sticky":false,"template":"","format":"standard","meta":{"om_disable_all_campaigns":false,"_jetpack_memberships_contains_paid_content":false,"footnotes":""},"categories":[5],"tags":[],"class_list":["post-35610","post","type-post","status-publish","format-standard","has-post-thumbnail","hentry","category-deportes"],"aioseo_notices":[],"gutentor_comment":0,"jetpack_featured_media_url":"https:\/\/eldiariodesanpedro.com.ar\/sitio\/wp-content\/uploads\/2017\/01\/futbol.jpg","jetpack_shortlink":"https:\/\/wp.me\/p6RhLt-9gm","jetpack_sharing_enabled":true,"_links":{"self":[{"href":"https:\/\/eldiariodesanpedro.com.ar\/sitio\/wp-json\/wp\/v2\/posts\/35610","targetHints":{"allow":["GET"]}}],"collection":[{"href":"https:\/\/eldiariodesanpedro.com.ar\/sitio\/wp-json\/wp\/v2\/posts"}],"about":[{"href":"https:\/\/eldiariodesanpedro.com.ar\/sitio\/wp-json\/wp\/v2\/types\/post"}],"author":[{"embeddable":true,"href":"https:\/\/eldiariodesanpedro.com.ar\/sitio\/wp-json\/wp\/v2\/users\/4"}],"replies":[{"embeddable":true,"href":"https:\/\/eldiariodesanpedro.com.ar\/sitio\/wp-json\/wp\/v2\/comments?post=35610"}],"version-history":[{"count":2,"href":"https:\/\/eldiariodesanpedro.com.ar\/sitio\/wp-json\/wp\/v2\/posts\/35610\/revisions"}],"predecessor-version":[{"id":35618,"href":"https:\/\/eldiariodesanpedro.com.ar\/sitio\/wp-json\/wp\/v2\/posts\/35610\/revisions\/35618"}],"wp:featuredmedia":[{"embeddable":true,"href":"https:\/\/eldiariodesanpedro.com.ar\/sitio\/wp-json\/wp\/v2\/media\/12943"}],"wp:attachment":[{"href":"https:\/\/eldiariodesanpedro.com.ar\/sitio\/wp-json\/wp\/v2\/media?parent=35610"}],"wp:term":[{"taxonomy":"category","embeddable":true,"href":"https:\/\/eldiariodesanpedro.com.ar\/sitio\/wp-json\/wp\/v2\/categories?post=35610"},{"taxonomy":"post_tag","embeddable":true,"href":"https:\/\/eldiariodesanpedro.com.ar\/sitio\/wp-json\/wp\/v2\/tags?post=35610"}],"curies":[{"name":"wp","href":"https:\/\/api.w.org\/{rel}","templated":true}]}}