{"id":35603,"date":"2018-06-29T21:36:08","date_gmt":"2018-06-30T00:36:08","guid":{"rendered":"https:\/\/eldiariodesanpedro.com.ar\/sitio\/?p=35603"},"modified":"2018-06-29T21:39:34","modified_gmt":"2018-06-30T00:39:34","slug":"acto-por-el-208o-aniversario-de-la-prefectura-nacional-argentina","status":"publish","type":"post","link":"https:\/\/eldiariodesanpedro.com.ar\/sitio\/acto-por-el-208o-aniversario-de-la-prefectura-nacional-argentina\/","title":{"rendered":"Acto por el 208\u00ba aniversario de la Prefectura Naval Argentina"},"content":{"rendered":"<p><!-- VideographyWP Plugin Message: Automatic video embedding prevented by plugin options. --><br \/>\n  Se realiz\u00f3 el acto aniversario por los 208 a\u00f1os frente a la sede, en 25 de Mayo, entre Tucum\u00e1n y Fray Cayetano Rodr\u00edguez, con la participaci\u00f3n del jefe, Alejandro Here\u00f1u y el Intendente, Cecilio Salazar, entre otras autoridades.<\/p>\n<p>  La dependencia local pertenece a la zona Delta al igual que San Isidro, Tigre, Campana, Z\u00e1rate, Olivos, San Fernando, Escobar, Guaz\u00fa Guazucito, Mart\u00edn Garc\u00eda y Paranacito.<\/p>\n<p>  El acto comenz\u00f3 con el Himno Nacional, como indica el protocolo y continu\u00f3 con las palabras del prefecto Alejandro Here\u00f1u, Jefe de la sede local.<\/p>\n","protected":false},"excerpt":{"rendered":"<p>Se realiz\u00f3 el acto aniversario por los 208 a\u00f1os frente a la sede, en 25 de Mayo, entre Tucum\u00e1n y Fray Cayetano Rodr\u00edguez, con la participaci\u00f3n del jefe, Alejandro Here\u00f1u y el Intendente, Cecilio Salazar, entre otras autoridades. La dependencia local pertenece a la zona Delta al igual que San Isidro, Tigre, Campana, Z\u00e1rate, Olivos, [&hellip;]<\/p>\n","protected":false},"author":4,"featured_media":35605,"comment_status":"open","ping_status":"closed","sticky":false,"template":"","format":"standard","meta":{"om_disable_all_campaigns":false,"_jetpack_memberships_contains_paid_content":false,"footnotes":""},"categories":[50,101,2],"tags":[],"class_list":["post-35603","post","type-post","status-publish","format-standard","has-post-thumbnail","hentry","category-destacadas","category-interes-general-locales","category-locales"],"aioseo_notices":[],"gutentor_comment":0,"jetpack_featured_media_url":"https:\/\/eldiariodesanpedro.com.ar\/sitio\/wp-content\/uploads\/2018\/06\/acto-por-el-208-aniversario-de-la-Prefectura-Naval-Argentina.jpg","jetpack_shortlink":"https:\/\/wp.me\/p6RhLt-9gf","jetpack_sharing_enabled":true,"_links":{"self":[{"href":"https:\/\/eldiariodesanpedro.com.ar\/sitio\/wp-json\/wp\/v2\/posts\/35603","targetHints":{"allow":["GET"]}}],"collection":[{"href":"https:\/\/eldiariodesanpedro.com.ar\/sitio\/wp-json\/wp\/v2\/posts"}],"about":[{"href":"https:\/\/eldiariodesanpedro.com.ar\/sitio\/wp-json\/wp\/v2\/types\/post"}],"author":[{"embeddable":true,"href":"https:\/\/eldiariodesanpedro.com.ar\/sitio\/wp-json\/wp\/v2\/users\/4"}],"replies":[{"embeddable":true,"href":"https:\/\/eldiariodesanpedro.com.ar\/sitio\/wp-json\/wp\/v2\/comments?post=35603"}],"version-history":[{"count":2,"href":"https:\/\/eldiariodesanpedro.com.ar\/sitio\/wp-json\/wp\/v2\/posts\/35603\/revisions"}],"predecessor-version":[{"id":35607,"href":"https:\/\/eldiariodesanpedro.com.ar\/sitio\/wp-json\/wp\/v2\/posts\/35603\/revisions\/35607"}],"wp:featuredmedia":[{"embeddable":true,"href":"https:\/\/eldiariodesanpedro.com.ar\/sitio\/wp-json\/wp\/v2\/media\/35605"}],"wp:attachment":[{"href":"https:\/\/eldiariodesanpedro.com.ar\/sitio\/wp-json\/wp\/v2\/media?parent=35603"}],"wp:term":[{"taxonomy":"category","embeddable":true,"href":"https:\/\/eldiariodesanpedro.com.ar\/sitio\/wp-json\/wp\/v2\/categories?post=35603"},{"taxonomy":"post_tag","embeddable":true,"href":"https:\/\/eldiariodesanpedro.com.ar\/sitio\/wp-json\/wp\/v2\/tags?post=35603"}],"curies":[{"name":"wp","href":"https:\/\/api.w.org\/{rel}","templated":true}]}}