{"id":35601,"date":"2018-06-29T21:30:49","date_gmt":"2018-06-30T00:30:49","guid":{"rendered":"https:\/\/eldiariodesanpedro.com.ar\/sitio\/?p=35601"},"modified":"2018-06-29T21:30:49","modified_gmt":"2018-06-30T00:30:49","slug":"este-sabado-se-realizara-la-primera-marcha-por-la-diversidad-sexual","status":"publish","type":"post","link":"https:\/\/eldiariodesanpedro.com.ar\/sitio\/este-sabado-se-realizara-la-primera-marcha-por-la-diversidad-sexual\/","title":{"rendered":"Este s\u00e1bado se realizar\u00e1 la primera marcha por la Diversidad Sexual"},"content":{"rendered":"<p><!-- VideographyWP Plugin Message: Automatic video embedding prevented by plugin options. --><br \/>\nFinalizando el mes de la Diversidad Sexual, hoy a las 16 hs. la comunidad sampedrina de LGBTIQ, representada por un grupo de chicas y chicos, realizar\u00e1 una marcha que partir\u00e1 desde la Peatonal c\u00e9ntrica, marchar\u00e1n hasta el Consejo Escolar y finalizar\u00e1n la misma con diversos shows art\u00edsticos en la Plaza Belgrano. <\/p>\n<p>  Estuvieron en El Diario de San Pedro integrantes del grupo de LGBTIQ, Alexa Pettone ha sido designada por estos chicos y chicas por su experiencia, como coordinadora. Ella y algunos de los integrantes nos contaron m\u00e1s detalles.<br \/>\n  Invitan a la concentraci\u00f3n de la marcha a las 16 hs. de hoy en la esquina de la calle Mitre y la Peatonal. Desde all\u00ed, acompa\u00f1ados por todos aquellos que deseen hacerlo pac\u00edficamente y sin otras banderas que opaquen la idea de la importancia de respetar la diversidad sexual, partir\u00e1n por calle Mitre hacia el Consejo Escolar d\u00f3nde leer\u00e1n un texto. Luego, continuar\u00e1n hacia la plaza Belgrano para realizar el cierre de la marcha acompa\u00f1ados por shows art\u00edsticos de Zumba, Reggaet\u00f3n y de \u201cTambores sin fronteras\u201d de la sala Cuarta Pared. Blackie de la biela conducir\u00e1 el acto.<\/p>\n<p>  El objetivo de la marcha es que la sociedad en general vea que esta comunidad es importante y necesita que sus derechos sean apoyados. \u201cEste grupo est\u00e1 conformado por chicos y chicas de entre 15 y 20 a\u00f1os, est\u00e1n muy orgullosos y orgullosas de ser quienes son; tienen derecho a una mejor calidad de vida. Necesitan hacer visible todo esto, la convivencia es un derecho b\u00e1sico de todos en la escuela, la casa, en todos lados\u201d. Es por eso que se dirigir\u00e1n al Consejo Escolar bregando por el adecuado cumplimiento de la ley de Educaci\u00f3n Sexual Integral.<br \/>\n  Adem\u00e1s, agreg\u00f3 \u201cLa idea es generar un acompa\u00f1amiento masivo, queremos manifestarnos con alegr\u00eda, respeto y amor para que vean que existimos y que somos personas normales\u201d.<\/p>\n","protected":false},"excerpt":{"rendered":"<p>Finalizando el mes de la Diversidad Sexual, hoy a las 16 hs. la comunidad sampedrina de LGBTIQ, representada por un grupo de chicas y chicos, realizar\u00e1 una marcha que partir\u00e1 desde la Peatonal c\u00e9ntrica, marchar\u00e1n hasta el Consejo Escolar y finalizar\u00e1n la misma con diversos shows art\u00edsticos en la Plaza Belgrano. Estuvieron en El Diario [&hellip;]<\/p>\n","protected":false},"author":4,"featured_media":35602,"comment_status":"open","ping_status":"closed","sticky":false,"template":"","format":"standard","meta":{"om_disable_all_campaigns":false,"_jetpack_memberships_contains_paid_content":false,"footnotes":""},"categories":[101,2],"tags":[],"class_list":["post-35601","post","type-post","status-publish","format-standard","has-post-thumbnail","hentry","category-interes-general-locales","category-locales"],"aioseo_notices":[],"gutentor_comment":0,"jetpack_featured_media_url":"https:\/\/eldiariodesanpedro.com.ar\/sitio\/wp-content\/uploads\/2018\/06\/sigla-lgbtiq.png","jetpack_shortlink":"https:\/\/wp.me\/p6RhLt-9gd","jetpack_sharing_enabled":true,"_links":{"self":[{"href":"https:\/\/eldiariodesanpedro.com.ar\/sitio\/wp-json\/wp\/v2\/posts\/35601","targetHints":{"allow":["GET"]}}],"collection":[{"href":"https:\/\/eldiariodesanpedro.com.ar\/sitio\/wp-json\/wp\/v2\/posts"}],"about":[{"href":"https:\/\/eldiariodesanpedro.com.ar\/sitio\/wp-json\/wp\/v2\/types\/post"}],"author":[{"embeddable":true,"href":"https:\/\/eldiariodesanpedro.com.ar\/sitio\/wp-json\/wp\/v2\/users\/4"}],"replies":[{"embeddable":true,"href":"https:\/\/eldiariodesanpedro.com.ar\/sitio\/wp-json\/wp\/v2\/comments?post=35601"}],"version-history":[{"count":1,"href":"https:\/\/eldiariodesanpedro.com.ar\/sitio\/wp-json\/wp\/v2\/posts\/35601\/revisions"}],"predecessor-version":[{"id":35604,"href":"https:\/\/eldiariodesanpedro.com.ar\/sitio\/wp-json\/wp\/v2\/posts\/35601\/revisions\/35604"}],"wp:featuredmedia":[{"embeddable":true,"href":"https:\/\/eldiariodesanpedro.com.ar\/sitio\/wp-json\/wp\/v2\/media\/35602"}],"wp:attachment":[{"href":"https:\/\/eldiariodesanpedro.com.ar\/sitio\/wp-json\/wp\/v2\/media?parent=35601"}],"wp:term":[{"taxonomy":"category","embeddable":true,"href":"https:\/\/eldiariodesanpedro.com.ar\/sitio\/wp-json\/wp\/v2\/categories?post=35601"},{"taxonomy":"post_tag","embeddable":true,"href":"https:\/\/eldiariodesanpedro.com.ar\/sitio\/wp-json\/wp\/v2\/tags?post=35601"}],"curies":[{"name":"wp","href":"https:\/\/api.w.org\/{rel}","templated":true}]}}