{"id":35596,"date":"2018-06-29T21:12:44","date_gmt":"2018-06-30T00:12:44","guid":{"rendered":"https:\/\/eldiariodesanpedro.com.ar\/sitio\/?p=35596"},"modified":"2018-06-29T21:12:44","modified_gmt":"2018-06-30T00:12:44","slug":"este-domingo-se-renuevan-autoridades-de-coopser-y-la-lista-roja-presenta-sus-candidatos","status":"publish","type":"post","link":"https:\/\/eldiariodesanpedro.com.ar\/sitio\/este-domingo-se-renuevan-autoridades-de-coopser-y-la-lista-roja-presenta-sus-candidatos\/","title":{"rendered":"Este domingo se renuevan autoridades de COOPSER y la Lista Roja presenta sus candidatos"},"content":{"rendered":"<p><!-- VideographyWP Plugin Message: Automatic video embedding prevented by plugin options. --><br \/>\nEn el marco de las elecciones en la Coopser para la designaci\u00f3n de delegados que decidir\u00e1n, en unos meses, sobre el nuevo Consejo de Administraci\u00f3n, El Diario de San Pedro recibi\u00f3 a los representantes de la lisita oficialista, la Lista Roja. Pablo Peralta, presidente del Consejo de Administraci\u00f3n de Coopser y, Emilio Longueira miembro de este Consejo nos cuentan c\u00f3mo trabajan en la entidad y porqu\u00e9 volver a confiar en ellos.<\/p>\n<p>  Hace mucho tiempo que no se daban unas elecciones con las caracter\u00edsticas de las actuales en la Coopser, considerando que son 3 las listas presentadas para la designaci\u00f3n de delegados. Peralta comenta sobre esto: \u201cHoy despu\u00e9s de doce a\u00f1os, desde 2006, hay nuevamente elecciones\u201d, y remarca: \u201cEn realidad, todos los a\u00f1os hab\u00eda llamado a presentaci\u00f3n de listas, pero nunca se hab\u00edan presentado otras posibilidades\u201d. Ellos aseguran que la presentaci\u00f3n de varias listas es algo positivo. <\/p>\n<p>  Con respecto al trabajo realizado por ellos dentro de la Cooperativa, manifiestan estar muy conformes, explican que cuando comenzaron, la Cooperativa ten\u00eda muchas deudas, juicios en contra, no ten\u00edan stock en los almacenes, tampoco parque automotor ni los elementos para cambiar luminarias. \u201cHoy eso se revirti\u00f3, tenemos un parque automotor como corresponde, compramos el sanatorio, compramos un transformador, invertimos en muchos sectores a diario: cableados, luminarias, obras, etc.\u201d asegur\u00f3 Peralta. Adem\u00e1s, aclar\u00f3 que siempre han trabajado en conjunto con el Ejecutivo de turno \u201cCreemos que el v\u00ednculo cooperativo en principio tiene que ser constante, fluido y bueno. Siempre apostando a que San Pedro crezca y se desarrolle\u201d.<\/p>\n<p>  Longueira destaca que para ellos la administraci\u00f3n de la entidad es una de las cosas que mejor han hecho \u201cSe sane\u00f3 la Cooperativa y se ha podido invertir y agrandar todos los sectores\u201d. <\/p>\n<p>  Contaron que actualmente est\u00e1n haciendo una licitaci\u00f3n para comprar un nuevo coche f\u00fanebre para servicios sociales, est\u00e1n por comprar una ambulancia, el \u00faltimo mes han comprado dos camionetas 4&#215;4 para Gobernador Castro y Santa Luc\u00eda, en estos d\u00edas llega el cami\u00f3n nuevo para la guardia general de San Pedro (noticia que conocimos esta semana). As\u00ed lo expresaban: \u201cSeguimos apostando en conjunto con el Ejecutivo municipal a la construcci\u00f3n de la ciudad, estamos en reuniones con Provincia y Naci\u00f3n para ver c\u00f3mo podemos poner a funcionar el transformador que compramos, seguimos trabajando con el Sanatorio para crear una especie de obra social para la gente que no tiene cobertura sindical o prepaga, para que sea de bajo costo, estamos buscando convenios para eso\u201d.<\/p>\n<p>  Fue inevitable tocar el tema sobre el valor de la tarifa el\u00e9ctrica, con respecto a esto Peralta asever\u00f3: \u201cEl costo de la energ\u00eda como lo establece la Provincia de Buenos Aires, va a ser siempre el mismo, no se puede bajar, aunque la Cooperativa cierre todos los sectores y saque a todos los empleados. El margen de rentabilidad es muy peque\u00f1o y esto hay que saber administrarlo y conocer sobre el tema para saber c\u00f3mo y d\u00f3nde actuar\u201d.<\/p>\n<p>  Continuando con la charla, Longueira se refiri\u00f3 a otra de las virtudes de la actual administraci\u00f3n seg\u00fan ellos: \u201cOtro de los orgullos nuestros, es que al trabajador de la Cooperativa no le falta nada, nunca hemos tenido una medida de fuerza por alg\u00fan inconveniente. Nunca se pagaron los sueldos fuera de t\u00e9rmino, tienen la ropa de trabajo de invierno y de verano, todos los elementos de seguridad, todos los cursos de capacitaci\u00f3n y, nosotros estamos siempre al pie cuando necesitan algo\u201d.<\/p>\n<p><strong>\u00bfPor qu\u00e9 votar a la Lista Roja?<\/strong><br \/>\n  Ellos invitan a continuar con esta manera de administrar, pensando en un equilibrio en todos los sectores de la Cooperativa, en un equilibrio en el beneficio al socio en cuanto a la calidad del servicio. \u201cPensamos y queremos seguir recorriendo el camino de una Cooperativa m\u00e1s grande en todos los sectores\u201d dijo Longueira. <\/p>\n<p>  Y Peralta finaliz\u00f3: \u201cTenemos experiencia y conocemos del mercado, sabemos d\u00f3nde apuntar para seguir mejorando, son muchos desaf\u00edos y apostamos a que crezca la Cooperativa y brinde una mejor calidad de servicio a la comunidad en su conjunto\u201d. <\/p>\n<p><strong>DELEGADOS TITULARES Y SUPLENTES<\/strong><br \/>\n1 Garrote Felipe (Titular) Mosteiro Claudio Esteban (Suplente)<br \/>\n2 Finardi Nevio (Titular) Ciro Romagnano Olga (Suplente)<br \/>\n3 Vachino Juan (Titular) Vlaeminch Rodolfo (Suplente)<br \/>\n4 Rivas Miguel (Titular) Acosta Elba (Suplente)<br \/>\n5 Rigo Horacio (Titular) Rasio Juan Carlos (Suplente)<br \/>\n6 Ternovic Juan Carlos (Titular) Coronel Javier Gustavo (Suplente)<br \/>\n7 Larraburo Lucas (Titular) Panatteri Javier (Suplente)<br \/>\n8 C\u00faneo Ricardo (Titular) Gorn\u00e9 Susana (Suplente)<br \/>\n9 Lina Horacio (Titular) Arellano Mar\u00eda Luj\u00e1n (Suplente)<br \/>\n10 Groppo Nadia (Titular) Insua Rodrigo (Suplente)<br \/>\n11 Gil Eduardo (Titular) Gim\u00e9nez Juan (Suplente)<br \/>\n12 Ciriaco Joana (Titular) Olmos H\u00e9ctor (Suplente)<br \/>\n13 Zubiete Crist\u00f3bal Andr\u00e9s (Titular) Noat Mar\u00eda Carolina (Suplente)<br \/>\n14 Tagliatori Fernando (Titular) Trotta Gladys (Suplente)<br \/>\n15 Scetti H\u00e9ctor (Titular) Ju\u00e1rez Juan Carlos (Suplente)<br \/>\n16 Agusti Carlos (Titular) Astorga Diego Rub\u00e9n (Suplente)<br \/>\n17 Quintana Borda Diego (Titular) Mat\u00edas Baca Enrique (Suplente)<br \/>\n18 G\u00f3mez H\u00e9ctor Ismael (Titular) Alegre Ra\u00fal (Suplente)<br \/>\n19 Ca\u00f1a Paola Nerina (Titular) Zarate Osvaldo Dami\u00e1n (Suplente)<br \/>\n20 Varela Julieta (Titular) Scipioni Norma Hortencia (Suplente)<br \/>\n21 Bernat Andrea (Titular) Nadal Silvina (Suplente)<br \/>\n22 Gandulfo Karina (Titular) Mart\u00ednez Jorge Luis (Suplente)<br \/>\n23 Presumido Alejandro (Titular) Rigo Eugenia Soledad (Suplente)<br \/>\n24 Garea Gerardo (Titular) Navin\u00e9s Hugo (Suplente)<br \/>\n25 Ber\u00f3n Ignacio (Titular) Hail Virginia (Suplente)<br \/>\n26 Gajate Manuel (Titular) Parra Marcos Edgardo (Suplente)<br \/>\n27 Nieto Luciano (Titular) Paparine Zulema (Suplente)<br \/>\n28 Sosa Hugo Osvaldo (Titular) Maro\u00f1o Zulma (Suplente)<br \/>\n29 Petroni Julieta (Titular) L\u00f3pez Mar\u00eda del Carmen (Suplente)<br \/>\n30 Laurino Mar\u00eda (Titular) Laura Machado Roc\u00edo (Suplente)<br \/>\n31 Moleon Jorge Daniel (Titular) Bornia Marino (Suplente)<br \/>\n32 Noat Federico (Titular) Melo Bultri Claudio (Suplente)<br \/>\n33 Ferrari Mar\u00eda Teresa (Titular) Marelli Diego (Suplente)<br \/>\n34 Gonz\u00e1lez Gustavo Javier (Titular) Caselles Marcelo (Suplente)<br \/>\n35 Fleitas Brenda (Titular) Mastroiani Rub\u00e9n (Suplente)<br \/>\n36 Parra H\u00e9ctor (Titular) Piccagli Jorge (Suplente)<br \/>\n37 G\u00f3mez Daiana Alejandra (Titular) Castro Jos\u00e9 Luis (Suplente)<br \/>\n38 Heras Omar (Titular) Delucca Ariel (Suplente)<br \/>\n39 Olivo Ana Mar\u00eda (Titular) Blanco Jos\u00e9 (Suplente)<br \/>\n40 Actis Martino Marina (Titular) Guti\u00e9rrez Mart\u00edn (Suplente)<br \/>\n41 L\u00f3pez Cecilia (Titular)<br \/>\n42 Ferreyra Cecilia Marisol (Titular)<br \/>\n43 Clemente J. Andr\u00e9s (Titular)<\/p>\n<p><strong>DISTRITO 2 URBANO<\/strong><br \/>\n1 Barcel\u00f3 Sebasti\u00e1n (Titular) Medina Silvia (Suplente)<br \/>\n2 Segalat V\u00edctor (Titular) Yunes Mar\u00eda Elena (Suplente)<br \/>\n3 S\u00e1nchez Jos\u00e9 Antonio (Titular) Olmos Elisa (Suplente)<br \/>\n4 Aucher\u00f3 Roberto (Titular) Alcorta Mar\u00eda Isabel (Suplente)<br \/>\n5 Mandraccio Walter (Titular) Mariqueo Fresia (Suplente)<br \/>\n6 Gorbar\u00e1n Elena (Titular) Vega Gast\u00f3n (Suplente)<br \/>\n7 Biscaldi Daniel (Titular) Actis Martino Adriana (Suplente)<br \/>\n8 Magallanes Liliana (Titular) Moreno Juliana (Suplente)<br \/>\n9 Taurizano Adelina (Titular) Perkins Miriam (Suplente)<br \/>\n10 Franchino Eduardo (Titular) Oribe Lorena (Suplente)<br \/>\n11 P\u00e9rez Pablo Gast\u00f3n (Titular) Maidana Mar\u00eda Emilia (Suplente)<br \/>\n12 G\u00f3mez Leopoldo (Titular) Al\u00ed Mirta (Suplente)<br \/>\n13 Belo Mario Abel (Titular) Mastroiani Mauricio (Suplente)<br \/>\n14 Muga Jorge (Titular) Nu\u00f1ez Griselda (Suplente)<br \/>\n15 Gorbar\u00e1n Victorio (Titular) Chiappero Ana (Suplente)<br \/>\n16 Ram\u00edrez N\u00e9stor (Titular) Rossi Sebasti\u00e1n (Suplente)<br \/>\n17 Mangini Mariela (Titular) Olmos Norma Hayde\u00e9 (Suplente)<br \/>\n18 Barguez Sergio (Titular) Cerd\u00e1 Graciela (Suplente)<br \/>\n19 Cannat\u00e1 Rub\u00e9n (Titular) Cao Federico (Suplente)<br \/>\n20 Lozano Mabel (Titular) Serra El\u00edas Saul (Suplente)<br \/>\n21 Tagliatori Ra\u00fal (Titular) Gilberto Aguado C\u00e9sar Mario (Suplente)<\/p>\n<p><img decoding=\"async\" data-attachment-id=\"35598\" data-permalink=\"https:\/\/eldiariodesanpedro.com.ar\/sitio\/este-domingo-se-renuevan-autoridades-de-coopser-y-la-lista-roja-presenta-sus-candidatos\/volanta-lista-roja-coopser\/\" data-orig-file=\"https:\/\/eldiariodesanpedro.com.ar\/sitio\/wp-content\/uploads\/2018\/06\/volanta-lista-roja-coopser.jpg\" data-orig-size=\"452,640\" data-comments-opened=\"1\" data-image-meta=\"{&quot;aperture&quot;:&quot;0&quot;,&quot;credit&quot;:&quot;&quot;,&quot;camera&quot;:&quot;&quot;,&quot;caption&quot;:&quot;&quot;,&quot;created_timestamp&quot;:&quot;0&quot;,&quot;copyright&quot;:&quot;&quot;,&quot;focal_length&quot;:&quot;0&quot;,&quot;iso&quot;:&quot;0&quot;,&quot;shutter_speed&quot;:&quot;0&quot;,&quot;title&quot;:&quot;&quot;,&quot;orientation&quot;:&quot;0&quot;}\" data-image-title=\"volanta lista roja coopser\" data-image-description=\"\" data-image-caption=\"\" data-large-file=\"https:\/\/eldiariodesanpedro.com.ar\/sitio\/wp-content\/uploads\/2018\/06\/volanta-lista-roja-coopser.jpg\" data-src=\"https:\/\/eldiariodesanpedro.com.ar\/sitio\/wp-content\/uploads\/2018\/06\/volanta-lista-roja-coopser.jpg\" alt=\"\" width=\"452\" height=\"640\" class=\"alignnone size-full wp-image-35598 lazyload\" data-srcset=\"https:\/\/eldiariodesanpedro.com.ar\/sitio\/wp-content\/uploads\/2018\/06\/volanta-lista-roja-coopser.jpg 452w, https:\/\/eldiariodesanpedro.com.ar\/sitio\/wp-content\/uploads\/2018\/06\/volanta-lista-roja-coopser-212x300.jpg 212w\" data-sizes=\"(max-width: 452px) 100vw, 452px\" src=\"data:image\/svg+xml;base64,PHN2ZyB3aWR0aD0iMSIgaGVpZ2h0PSIxIiB4bWxucz0iaHR0cDovL3d3dy53My5vcmcvMjAwMC9zdmciPjwvc3ZnPg==\" style=\"--smush-placeholder-width: 452px; --smush-placeholder-aspect-ratio: 452\/640;\" \/><\/p>\n","protected":false},"excerpt":{"rendered":"<p>En el marco de las elecciones en la Coopser para la designaci\u00f3n de delegados que decidir\u00e1n, en unos meses, sobre el nuevo Consejo de Administraci\u00f3n, El Diario de San Pedro recibi\u00f3 a los representantes de la lisita oficialista, la Lista Roja. Pablo Peralta, presidente del Consejo de Administraci\u00f3n de Coopser y, Emilio Longueira miembro de [&hellip;]<\/p>\n","protected":false},"author":4,"featured_media":35597,"comment_status":"open","ping_status":"closed","sticky":false,"template":"","format":"standard","meta":{"om_disable_all_campaigns":false,"_jetpack_memberships_contains_paid_content":false,"footnotes":""},"categories":[101,2],"tags":[],"class_list":["post-35596","post","type-post","status-publish","format-standard","has-post-thumbnail","hentry","category-interes-general-locales","category-locales"],"aioseo_notices":[],"gutentor_comment":0,"jetpack_featured_media_url":"https:\/\/eldiariodesanpedro.com.ar\/sitio\/wp-content\/uploads\/2018\/06\/lista-roja.jpg","jetpack_shortlink":"https:\/\/wp.me\/p6RhLt-9g8","jetpack_sharing_enabled":true,"_links":{"self":[{"href":"https:\/\/eldiariodesanpedro.com.ar\/sitio\/wp-json\/wp\/v2\/posts\/35596","targetHints":{"allow":["GET"]}}],"collection":[{"href":"https:\/\/eldiariodesanpedro.com.ar\/sitio\/wp-json\/wp\/v2\/posts"}],"about":[{"href":"https:\/\/eldiariodesanpedro.com.ar\/sitio\/wp-json\/wp\/v2\/types\/post"}],"author":[{"embeddable":true,"href":"https:\/\/eldiariodesanpedro.com.ar\/sitio\/wp-json\/wp\/v2\/users\/4"}],"replies":[{"embeddable":true,"href":"https:\/\/eldiariodesanpedro.com.ar\/sitio\/wp-json\/wp\/v2\/comments?post=35596"}],"version-history":[{"count":1,"href":"https:\/\/eldiariodesanpedro.com.ar\/sitio\/wp-json\/wp\/v2\/posts\/35596\/revisions"}],"predecessor-version":[{"id":35599,"href":"https:\/\/eldiariodesanpedro.com.ar\/sitio\/wp-json\/wp\/v2\/posts\/35596\/revisions\/35599"}],"wp:featuredmedia":[{"embeddable":true,"href":"https:\/\/eldiariodesanpedro.com.ar\/sitio\/wp-json\/wp\/v2\/media\/35597"}],"wp:attachment":[{"href":"https:\/\/eldiariodesanpedro.com.ar\/sitio\/wp-json\/wp\/v2\/media?parent=35596"}],"wp:term":[{"taxonomy":"category","embeddable":true,"href":"https:\/\/eldiariodesanpedro.com.ar\/sitio\/wp-json\/wp\/v2\/categories?post=35596"},{"taxonomy":"post_tag","embeddable":true,"href":"https:\/\/eldiariodesanpedro.com.ar\/sitio\/wp-json\/wp\/v2\/tags?post=35596"}],"curies":[{"name":"wp","href":"https:\/\/api.w.org\/{rel}","templated":true}]}}