{"id":35593,"date":"2018-06-29T19:53:25","date_gmt":"2018-06-29T22:53:25","guid":{"rendered":"https:\/\/eldiariodesanpedro.com.ar\/sitio\/?p=35593"},"modified":"2018-06-29T19:53:25","modified_gmt":"2018-06-29T22:53:25","slug":"salazar-el-tiro-federal-no-esta-en-venta","status":"publish","type":"post","link":"https:\/\/eldiariodesanpedro.com.ar\/sitio\/salazar-el-tiro-federal-no-esta-en-venta\/","title":{"rendered":"Salazar: \u201cEl Tiro Federal no est\u00e1 en venta\u00bb"},"content":{"rendered":"<p><!-- VideographyWP Plugin Message: Automatic video embedding prevented by plugin options. --><br \/>\nEn una entrevista realizada en el aire de FM G\u00e9nesis el Intendente municipal adelant\u00f3 que no hay intensiones de vender el predio y que tampoco existi\u00f3 una oferta formal.<\/p>\n<p>  D\u00edas atr\u00e1s el empresario Alejandro Monjo hab\u00eda expresado su intenci\u00f3n de desarrollar un importante proyecto tur\u00edstico en el predio del Tiro Federal que qued\u00f3 en manos del Municipio.<\/p>\n<p>  Se escucharon voces a favor y en contra de que esa posibilidad se concretara, pero fue el propio Intendente Cecilio Salazar quien se encarg\u00f3 de despejar las dudas y llevar tranquilidad a quienes se hab\u00edan preocupado.<br \/>\n\u201cNo existe ninguna oferta concreta, por escrito no hay nada\u201d, dijo. \u201cFormalmente no hay nada porque no hemos recibido ninguna oferta real\u201d, agreg\u00f3 el funcionario.<\/p>\n<p>  \u201cNo es nuestra intenci\u00f3n venderlo, queremos que sea algo de acceso para la gente de San Pedro. No queremos que eso se privatice\u201d.<\/p>\n<p>  Sobre la posibilidad de que se incluya al predio del club de rugby en alg\u00fan emprendimiento el Intendente Salazar asegur\u00f3: \u201cEl rugby que se quede tranquilo, el club no se va a tocar porque lo mejor que puede hacer un chico es hacer deporte. Eso no va a pasar en nuestro mandato\u201d, confirm\u00f3.<\/p>\n<p>Fuente: San Pedro Informa<\/p>\n","protected":false},"excerpt":{"rendered":"<p>En una entrevista realizada en el aire de FM G\u00e9nesis el Intendente municipal adelant\u00f3 que no hay intensiones de vender el predio y que tampoco existi\u00f3 una oferta formal. D\u00edas atr\u00e1s el empresario Alejandro Monjo hab\u00eda expresado su intenci\u00f3n de desarrollar un importante proyecto tur\u00edstico en el predio del Tiro Federal que qued\u00f3 en manos [&hellip;]<\/p>\n","protected":false},"author":4,"featured_media":18582,"comment_status":"open","ping_status":"closed","sticky":false,"template":"","format":"standard","meta":{"om_disable_all_campaigns":false,"_jetpack_memberships_contains_paid_content":false,"footnotes":""},"categories":[101,2],"tags":[],"class_list":["post-35593","post","type-post","status-publish","format-standard","has-post-thumbnail","hentry","category-interes-general-locales","category-locales"],"aioseo_notices":[],"gutentor_comment":0,"jetpack_featured_media_url":"https:\/\/eldiariodesanpedro.com.ar\/sitio\/wp-content\/uploads\/2017\/05\/tiro-federal-san-pedro.jpg","jetpack_shortlink":"https:\/\/wp.me\/p6RhLt-9g5","jetpack_sharing_enabled":true,"_links":{"self":[{"href":"https:\/\/eldiariodesanpedro.com.ar\/sitio\/wp-json\/wp\/v2\/posts\/35593","targetHints":{"allow":["GET"]}}],"collection":[{"href":"https:\/\/eldiariodesanpedro.com.ar\/sitio\/wp-json\/wp\/v2\/posts"}],"about":[{"href":"https:\/\/eldiariodesanpedro.com.ar\/sitio\/wp-json\/wp\/v2\/types\/post"}],"author":[{"embeddable":true,"href":"https:\/\/eldiariodesanpedro.com.ar\/sitio\/wp-json\/wp\/v2\/users\/4"}],"replies":[{"embeddable":true,"href":"https:\/\/eldiariodesanpedro.com.ar\/sitio\/wp-json\/wp\/v2\/comments?post=35593"}],"version-history":[{"count":1,"href":"https:\/\/eldiariodesanpedro.com.ar\/sitio\/wp-json\/wp\/v2\/posts\/35593\/revisions"}],"predecessor-version":[{"id":35594,"href":"https:\/\/eldiariodesanpedro.com.ar\/sitio\/wp-json\/wp\/v2\/posts\/35593\/revisions\/35594"}],"wp:featuredmedia":[{"embeddable":true,"href":"https:\/\/eldiariodesanpedro.com.ar\/sitio\/wp-json\/wp\/v2\/media\/18582"}],"wp:attachment":[{"href":"https:\/\/eldiariodesanpedro.com.ar\/sitio\/wp-json\/wp\/v2\/media?parent=35593"}],"wp:term":[{"taxonomy":"category","embeddable":true,"href":"https:\/\/eldiariodesanpedro.com.ar\/sitio\/wp-json\/wp\/v2\/categories?post=35593"},{"taxonomy":"post_tag","embeddable":true,"href":"https:\/\/eldiariodesanpedro.com.ar\/sitio\/wp-json\/wp\/v2\/tags?post=35593"}],"curies":[{"name":"wp","href":"https:\/\/api.w.org\/{rel}","templated":true}]}}