{"id":35565,"date":"2018-06-29T10:07:25","date_gmt":"2018-06-29T13:07:25","guid":{"rendered":"https:\/\/eldiariodesanpedro.com.ar\/sitio\/?p=35565"},"modified":"2018-06-29T10:09:18","modified_gmt":"2018-06-29T13:09:18","slug":"san-nicolas-allanamiento-en-farmacia-de-la-ciudad","status":"publish","type":"post","link":"https:\/\/eldiariodesanpedro.com.ar\/sitio\/san-nicolas-allanamiento-en-farmacia-de-la-ciudad\/","title":{"rendered":"SAN NICOL\u00c1S: Allanamiento en farmacia de la ciudad"},"content":{"rendered":"<p><!-- VideographyWP Plugin Message: Automatic video embedding prevented by plugin options. --><br \/>\nPolic\u00eda Federal de San Nicol\u00e1s inform\u00f3 ayer que, en una investigaci\u00f3n realizada por delitos cometidos en el \u00e1mbito del Instituto Nacional de Servicios Sociales para Jubilados y Pensionados (PAMI), llev\u00f3 adelante una orden de allanamiento otorgada, para una farmacia y droguer\u00eda de calle Maip\u00fa, casi esquina San Lorenzo.<\/p>\n<p>Dicho procedimiento fue realizado debido a la presunci\u00f3n del delito de Defraudaci\u00f3n y fueron secuestrados varios elementos de inter\u00e9s que servir\u00e1n para constatar o no si existe dicho delito.<\/p>\n<p>Fueron incautadas recetas varias con troquelados del INSSJP, cientos de troqueles de medicamentos, listados de profesionales m\u00e9dicos, cajas de insumos accu-chek de tiras reactivas para insulino dependientes, registro inform\u00e1tico con copias de DNI de clientes, tarjetas de vendedores de medicamentos y otras documentaciones. Adem\u00e1s, tambi\u00e9n se retir\u00f3 mercader\u00eda que hab\u00eda en stock, entre ella: caladryl, 4 fungocoop en polvo, 5 blisters de rilaquin srl, 21 blisters de diclofenac, 34 bicarbonatos de sodio, 13 sulfatiazol y 78 vaselinas de distintas medidas.<\/p>\n<p>Fuente: <a href=\"http:\/\/www.diarioelnorte.com.ar\/nota69423_allanamiento-en-farmacia-de-la-ciudad.html\">Diario El Norte<\/a><\/p>\n","protected":false},"excerpt":{"rendered":"<p>Polic\u00eda Federal de San Nicol\u00e1s inform\u00f3 ayer que, en una investigaci\u00f3n realizada por delitos cometidos en el \u00e1mbito del Instituto Nacional de Servicios Sociales para Jubilados y Pensionados (PAMI), llev\u00f3 adelante una orden de allanamiento otorgada, para una farmacia y droguer\u00eda de calle Maip\u00fa, casi esquina San Lorenzo. Dicho procedimiento fue realizado debido a la [&hellip;]<\/p>\n","protected":false},"author":4,"featured_media":35566,"comment_status":"open","ping_status":"closed","sticky":false,"template":"","format":"standard","meta":{"om_disable_all_campaigns":false,"_jetpack_memberships_contains_paid_content":false,"footnotes":""},"categories":[621],"tags":[],"class_list":["post-35565","post","type-post","status-publish","format-standard","has-post-thumbnail","hentry","category-regionales"],"aioseo_notices":[],"gutentor_comment":0,"jetpack_featured_media_url":"https:\/\/eldiariodesanpedro.com.ar\/sitio\/wp-content\/uploads\/2018\/06\/elnorte5b35f132302d7_policia-federal.jpg","jetpack_shortlink":"https:\/\/wp.me\/p6RhLt-9fD","jetpack_sharing_enabled":true,"_links":{"self":[{"href":"https:\/\/eldiariodesanpedro.com.ar\/sitio\/wp-json\/wp\/v2\/posts\/35565","targetHints":{"allow":["GET"]}}],"collection":[{"href":"https:\/\/eldiariodesanpedro.com.ar\/sitio\/wp-json\/wp\/v2\/posts"}],"about":[{"href":"https:\/\/eldiariodesanpedro.com.ar\/sitio\/wp-json\/wp\/v2\/types\/post"}],"author":[{"embeddable":true,"href":"https:\/\/eldiariodesanpedro.com.ar\/sitio\/wp-json\/wp\/v2\/users\/4"}],"replies":[{"embeddable":true,"href":"https:\/\/eldiariodesanpedro.com.ar\/sitio\/wp-json\/wp\/v2\/comments?post=35565"}],"version-history":[{"count":3,"href":"https:\/\/eldiariodesanpedro.com.ar\/sitio\/wp-json\/wp\/v2\/posts\/35565\/revisions"}],"predecessor-version":[{"id":35569,"href":"https:\/\/eldiariodesanpedro.com.ar\/sitio\/wp-json\/wp\/v2\/posts\/35565\/revisions\/35569"}],"wp:featuredmedia":[{"embeddable":true,"href":"https:\/\/eldiariodesanpedro.com.ar\/sitio\/wp-json\/wp\/v2\/media\/35566"}],"wp:attachment":[{"href":"https:\/\/eldiariodesanpedro.com.ar\/sitio\/wp-json\/wp\/v2\/media?parent=35565"}],"wp:term":[{"taxonomy":"category","embeddable":true,"href":"https:\/\/eldiariodesanpedro.com.ar\/sitio\/wp-json\/wp\/v2\/categories?post=35565"},{"taxonomy":"post_tag","embeddable":true,"href":"https:\/\/eldiariodesanpedro.com.ar\/sitio\/wp-json\/wp\/v2\/tags?post=35565"}],"curies":[{"name":"wp","href":"https:\/\/api.w.org\/{rel}","templated":true}]}}