{"id":35562,"date":"2018-06-29T10:04:33","date_gmt":"2018-06-29T13:04:33","guid":{"rendered":"https:\/\/eldiariodesanpedro.com.ar\/sitio\/?p=35562"},"modified":"2018-06-29T10:04:33","modified_gmt":"2018-06-29T13:04:33","slug":"san-nicolas-allanamientos-y-detenciones-por-abuso-de-armas-y-agresion-a-policias","status":"publish","type":"post","link":"https:\/\/eldiariodesanpedro.com.ar\/sitio\/san-nicolas-allanamientos-y-detenciones-por-abuso-de-armas-y-agresion-a-policias\/","title":{"rendered":"SAN NICOL\u00c1S: Allanamientos y detenciones por abuso de armas y agresi\u00f3n a polic\u00edas"},"content":{"rendered":"<p><!-- VideographyWP Plugin Message: Automatic video embedding prevented by plugin options. --><br \/>\nFue a partir de la denuncia de vecinos que efectivos policiales se hicieron presentes en barrio San Francisco, donde habr\u00eda un grupo de muchachos armados. En un primer momento se aprehendi\u00f3 a tres j\u00f3venes y luego de un allanamiento de urgencia se logr\u00f3 el secuestro de varias armas y municiones<\/p>\n<p>Personal policial, se constituy\u00f3 en calles Rucci y Lavalle, en raz\u00f3n de que un llamado a Emergencias 911 daba cuenta de la presencia de sujetos con armas de fuego. Al advertir la presencia de los efectivos varios individuos se dieron a la fuga, procediendo a la aprehensi\u00f3n de dos muchachos de 18 y 19 a\u00f1os. Al realizarles un cacheo preventivo entre sus pertenencias se procedi\u00f3 al secuestro de un envoltorio de nylon conteniendo una sustancia estupefaciente del tipo marihuana. A los detenidos se les labraron actuaciones caratuladas \u201cResistencia a la autoridad, infracci\u00f3n ley 23.737\u201d, con intervenci\u00f3n de la Unidad Funcional de Instrucci\u00f3n n\u00b0 3 Departamental.<\/p>\n<p>Resistencia a la autoridad<br \/>\nEn la recorrida del barrio, en calles Rucci y Alberdi, personal policial procedi\u00f3 a la aprehensi\u00f3n y posterior traslado a sede policial, de un sujeto de 20 a\u00f1os de edad, en cuyo poder se incaut\u00f3 un arma blanca, tipo cuchillo de cocina. El joven amenaz\u00f3 verbalmente y agredi\u00f3 f\u00edsicamente al personal policial, sin producirle lesiones. Se labraron actuaciones caratuladas \u201cResistencia a la autoridad, amenazas\u201d.<\/p>\n<p>Allanamiento<br \/>\nAsimismo, teniendo en cuenta la denuncia que daba cuenta de la presencia de armas en la zona y con datos recogidos tras tareas investigativas desarrolladas por parte de los agentes intervinientes, personal del destacamento Covicoos, junto a efectivos de las Comisar\u00edas Primera, Segunda y Tercera, Comando de Patrullas y Polic\u00eda Local, realizaron allanamientos de urgencia por este hecho de abuso de armas, logrando concretar el secuestro de un arma de fabricaci\u00f3n casera, un cuchillo de cocina, un pedazo de metal con punta afilada, 27 cartuchos calibre 12 mm, postas de guerra y  cinco cartuchos calibre 12 mm.<\/p>\n<p>Fuente: <a href=\"http:\/\/www.diarioelnorte.com.ar\/nota69424_allanamientos-y-detenciones-por--abuso-de-armas-y-agresion-a-policias.html\">Diario El Norte<\/a><\/p>\n","protected":false},"excerpt":{"rendered":"<p>Fue a partir de la denuncia de vecinos que efectivos policiales se hicieron presentes en barrio San Francisco, donde habr\u00eda un grupo de muchachos armados. En un primer momento se aprehendi\u00f3 a tres j\u00f3venes y luego de un allanamiento de urgencia se logr\u00f3 el secuestro de varias armas y municiones Personal policial, se constituy\u00f3 en [&hellip;]<\/p>\n","protected":false},"author":4,"featured_media":35563,"comment_status":"open","ping_status":"closed","sticky":false,"template":"","format":"standard","meta":{"om_disable_all_campaigns":false,"_jetpack_memberships_contains_paid_content":false,"footnotes":""},"categories":[621],"tags":[],"class_list":["post-35562","post","type-post","status-publish","format-standard","has-post-thumbnail","hentry","category-regionales"],"aioseo_notices":[],"gutentor_comment":0,"jetpack_featured_media_url":"https:\/\/eldiariodesanpedro.com.ar\/sitio\/wp-content\/uploads\/2018\/06\/elnorte5b35f1929fbe0_6-foto2-2x10.jpg","jetpack_shortlink":"https:\/\/wp.me\/p6RhLt-9fA","jetpack_sharing_enabled":true,"_links":{"self":[{"href":"https:\/\/eldiariodesanpedro.com.ar\/sitio\/wp-json\/wp\/v2\/posts\/35562","targetHints":{"allow":["GET"]}}],"collection":[{"href":"https:\/\/eldiariodesanpedro.com.ar\/sitio\/wp-json\/wp\/v2\/posts"}],"about":[{"href":"https:\/\/eldiariodesanpedro.com.ar\/sitio\/wp-json\/wp\/v2\/types\/post"}],"author":[{"embeddable":true,"href":"https:\/\/eldiariodesanpedro.com.ar\/sitio\/wp-json\/wp\/v2\/users\/4"}],"replies":[{"embeddable":true,"href":"https:\/\/eldiariodesanpedro.com.ar\/sitio\/wp-json\/wp\/v2\/comments?post=35562"}],"version-history":[{"count":1,"href":"https:\/\/eldiariodesanpedro.com.ar\/sitio\/wp-json\/wp\/v2\/posts\/35562\/revisions"}],"predecessor-version":[{"id":35564,"href":"https:\/\/eldiariodesanpedro.com.ar\/sitio\/wp-json\/wp\/v2\/posts\/35562\/revisions\/35564"}],"wp:featuredmedia":[{"embeddable":true,"href":"https:\/\/eldiariodesanpedro.com.ar\/sitio\/wp-json\/wp\/v2\/media\/35563"}],"wp:attachment":[{"href":"https:\/\/eldiariodesanpedro.com.ar\/sitio\/wp-json\/wp\/v2\/media?parent=35562"}],"wp:term":[{"taxonomy":"category","embeddable":true,"href":"https:\/\/eldiariodesanpedro.com.ar\/sitio\/wp-json\/wp\/v2\/categories?post=35562"},{"taxonomy":"post_tag","embeddable":true,"href":"https:\/\/eldiariodesanpedro.com.ar\/sitio\/wp-json\/wp\/v2\/tags?post=35562"}],"curies":[{"name":"wp","href":"https:\/\/api.w.org\/{rel}","templated":true}]}}