{"id":35559,"date":"2018-06-29T10:01:13","date_gmt":"2018-06-29T13:01:13","guid":{"rendered":"https:\/\/eldiariodesanpedro.com.ar\/sitio\/?p=35559"},"modified":"2018-06-29T10:01:13","modified_gmt":"2018-06-29T13:01:13","slug":"san-nicolas-motomel-analiza-parar-la-produccion-por-dos-semanas","status":"publish","type":"post","link":"https:\/\/eldiariodesanpedro.com.ar\/sitio\/san-nicolas-motomel-analiza-parar-la-produccion-por-dos-semanas\/","title":{"rendered":"SAN NICOL\u00c1S: Motomel analiza parar la producci\u00f3n por dos semanas"},"content":{"rendered":"<p><!-- VideographyWP Plugin Message: Automatic video embedding prevented by plugin options. --><br \/>\nAnte la falta de reactivaci\u00f3n en las ventas, la planta de ensamble de motos y bicicletas electr\u00f3nicas podr\u00eda frenar su proceso productivo durante dos semanas, en julio pr\u00f3ximo, otorgando vacaciones anticipadas al personal. Ello obedece a la necesidad de equilibrar el stock como consecuencia de que se produce m\u00e1s de lo que se vende.<br \/>\n Facebook  Twitter  Imprimir<br \/>\nMotomel analiza parar la  producci\u00f3n por dos semanas<br \/>\nFoto 1\/1<br \/>\nLa retracci\u00f3n del mercado de venta de motos sigue provocando cimbronazos en una industria que durante varios meses creci\u00f3 en forma sostenida. El cambio de coyuntura comenz\u00f3 a sentirse con fuerza al cerrar el primer trimestre de este 2018, lo cual deriv\u00f3 en despidos y ca\u00edda de la producci\u00f3n. Cabe recordar que en mayo pasado la planta Motomel La Emilia desprenderse de unos 130 trabajadores, con el consiguiente impacto que tiene en la econom\u00eda dom\u00e9stica esa decisi\u00f3n. Esas desvinculaciones resultaron m\u00e1s f\u00e1ciles por la modalidad de contratos bajo la cual estaban esos trabajadores, con renovaci\u00f3n de tres y hasta un mes.<\/p>\n<p>El panorama actual parece no encontrar un horizonte de mejora, al menos en el corto plazo. De hecho, ante la falta de reactivaci\u00f3n en las ventas la planta de ensamble de motos y bicicletas electr\u00f3nicas podr\u00eda frenar su proceso productivo durante dos semanas, en julio pr\u00f3ximo, otorgando vacaciones anticipadas al personal. Ello obedece a la necesidad de equilibrar el stock como consecuencia de que se produce m\u00e1s de lo que se vende.<\/p>\n<p>Vale agregar que durante junio se hicieron acuerdos para instrumentar vacaciones de aquellos empleados que ten\u00edan d\u00edas pendientes. Desde producido el corte masivo de contratos, no hubo suspensiones ni despedidos. Y ello se debe a las negociaciones permanentes entre el gremio y la empresa, con el objeto de instrumentar medidas que evitan profundizar la p\u00e9rdida de empleo.<\/p>\n<p>\u201cPor el momento el mercado sigue muy retra\u00eddo\u201d, explic\u00f3 Fabi\u00e1n Gigli, secretario de prensa de la seccional San Nicol\u00e1s de la Uni\u00f3n Obrera Metal\u00fargica, al ser consultado por este medio.<\/p>\n<p>N\u00fameros<\/p>\n<p>Un total de 58.038 motoveh\u00edculos fueron patentados en mayo, lo que significa una merma del 7,4% respecto a abril pasado, seg\u00fan datos de la Asociaci\u00f3n de Concesionarios de Automotores de la Rep\u00fablica Argentina (Acara).<\/p>\n<p>La proyecci\u00f3n de la entidad es que con un acumulado en lo que va del a\u00f1o de 323.471 unidades, en el a\u00f1o 2018 \u201cdisminuir\u00e1 fuertemente\u201d la venta de unidades \u201cdebido a la devaluaci\u00f3n de la moneda local y una demanda en retroceso\u201d.<\/p>\n<p>\u201cEl informe refleja en todo el 2018 una baja significativa de la gama media\/alta debido a la disposici\u00f3n del impuesto interno, una medida sobre la que estamos trabajando todos los protagonistas del sector\u201d, indic\u00f3 el presidente de la divisi\u00f3n Motoveh\u00edculos de ACARA, Gustavo Bassi.<\/p>\n<p>Las motos m\u00e1s vendidas fueron de baja cilindrada: 23.447 unidades de 110 de cilindrada y 13.682 de 150 de cilindrada. En cuanto a marcas Honda supera a Zanella y a ambas le sigue Motomel.<\/p>\n<p>Seg\u00fan Bassi, \u201cel mercado est\u00e1 enfrentando un receso en la actividad. La devaluaci\u00f3n de la moneda local provoc\u00f3 una subida en las listas de precios dispuestas por las terminales y una fuerte ca\u00edda del consumo. Si bien el panorama no es homog\u00e9neo en las distintas regiones del pa\u00eds, el dato es que en mayo la baja de las ventas fue notoria y lo veremos reflejado m\u00e1s fuertemente en los pr\u00f3ximos meses\u201d.<\/p>\n<p>Fuente: <a href=\"http:\/\/www.diarioelnorte.com.ar\/nota69422_motomel-analiza-parar-la--produccion-por-dos-semanas.html\">Diario el Norte<\/a><\/p>\n","protected":false},"excerpt":{"rendered":"<p>Ante la falta de reactivaci\u00f3n en las ventas, la planta de ensamble de motos y bicicletas electr\u00f3nicas podr\u00eda frenar su proceso productivo durante dos semanas, en julio pr\u00f3ximo, otorgando vacaciones anticipadas al personal. Ello obedece a la necesidad de equilibrar el stock como consecuencia de que se produce m\u00e1s de lo que se vende. Facebook [&hellip;]<\/p>\n","protected":false},"author":4,"featured_media":35560,"comment_status":"open","ping_status":"closed","sticky":false,"template":"","format":"standard","meta":{"om_disable_all_campaigns":false,"_jetpack_memberships_contains_paid_content":false,"footnotes":""},"categories":[621],"tags":[],"class_list":["post-35559","post","type-post","status-publish","format-standard","has-post-thumbnail","hentry","category-regionales"],"aioseo_notices":[],"gutentor_comment":0,"jetpack_featured_media_url":"https:\/\/eldiariodesanpedro.com.ar\/sitio\/wp-content\/uploads\/2018\/06\/elnorte5b35f09fbc0a5_1-motomel.jpg","jetpack_shortlink":"https:\/\/wp.me\/p6RhLt-9fx","jetpack_sharing_enabled":true,"_links":{"self":[{"href":"https:\/\/eldiariodesanpedro.com.ar\/sitio\/wp-json\/wp\/v2\/posts\/35559","targetHints":{"allow":["GET"]}}],"collection":[{"href":"https:\/\/eldiariodesanpedro.com.ar\/sitio\/wp-json\/wp\/v2\/posts"}],"about":[{"href":"https:\/\/eldiariodesanpedro.com.ar\/sitio\/wp-json\/wp\/v2\/types\/post"}],"author":[{"embeddable":true,"href":"https:\/\/eldiariodesanpedro.com.ar\/sitio\/wp-json\/wp\/v2\/users\/4"}],"replies":[{"embeddable":true,"href":"https:\/\/eldiariodesanpedro.com.ar\/sitio\/wp-json\/wp\/v2\/comments?post=35559"}],"version-history":[{"count":1,"href":"https:\/\/eldiariodesanpedro.com.ar\/sitio\/wp-json\/wp\/v2\/posts\/35559\/revisions"}],"predecessor-version":[{"id":35561,"href":"https:\/\/eldiariodesanpedro.com.ar\/sitio\/wp-json\/wp\/v2\/posts\/35559\/revisions\/35561"}],"wp:featuredmedia":[{"embeddable":true,"href":"https:\/\/eldiariodesanpedro.com.ar\/sitio\/wp-json\/wp\/v2\/media\/35560"}],"wp:attachment":[{"href":"https:\/\/eldiariodesanpedro.com.ar\/sitio\/wp-json\/wp\/v2\/media?parent=35559"}],"wp:term":[{"taxonomy":"category","embeddable":true,"href":"https:\/\/eldiariodesanpedro.com.ar\/sitio\/wp-json\/wp\/v2\/categories?post=35559"},{"taxonomy":"post_tag","embeddable":true,"href":"https:\/\/eldiariodesanpedro.com.ar\/sitio\/wp-json\/wp\/v2\/tags?post=35559"}],"curies":[{"name":"wp","href":"https:\/\/api.w.org\/{rel}","templated":true}]}}