{"id":35554,"date":"2018-06-29T09:49:40","date_gmt":"2018-06-29T12:49:40","guid":{"rendered":"https:\/\/eldiariodesanpedro.com.ar\/sitio\/?p=35554"},"modified":"2018-06-29T09:49:40","modified_gmt":"2018-06-29T12:49:40","slug":"accidente-entre-un-auto-y-una-motocicleta","status":"publish","type":"post","link":"https:\/\/eldiariodesanpedro.com.ar\/sitio\/accidente-entre-un-auto-y-una-motocicleta\/","title":{"rendered":"Accidente entre un auto y una motocicleta"},"content":{"rendered":"<p><!-- VideographyWP Plugin Message: Automatic video embedding prevented by plugin options. --><br \/>\nEsta madrugada, se produjo una colisi\u00f3n en interacci\u00f3n de las calles Manuel Iglesias y Bozzano, entre un autom\u00f3vil de marca Renault 12 y una motocicleta de 110 cc.<\/p>\n<p>Como consecuencia,  el joven que conduc\u00eda el rodado menor,  fue trasladado por la ambulancia del SAME a la guardia del Hospital,  quien requiere el alta a la brevedad,  ya que no sufri\u00f3 heridas de gravedad.<\/p>\n","protected":false},"excerpt":{"rendered":"<p>Esta madrugada, se produjo una colisi\u00f3n en interacci\u00f3n de las calles Manuel Iglesias y Bozzano, entre un autom\u00f3vil de marca Renault 12 y una motocicleta de 110 cc. Como consecuencia, el joven que conduc\u00eda el rodado menor, fue trasladado por la ambulancia del SAME a la guardia del Hospital, quien requiere el alta a la [&hellip;]<\/p>\n","protected":false},"author":4,"featured_media":24590,"comment_status":"open","ping_status":"closed","sticky":false,"template":"","format":"standard","meta":{"om_disable_all_campaigns":false,"_jetpack_memberships_contains_paid_content":false,"footnotes":""},"categories":[2,103],"tags":[],"class_list":["post-35554","post","type-post","status-publish","format-standard","has-post-thumbnail","hentry","category-locales","category-policiales-locales"],"aioseo_notices":[],"gutentor_comment":0,"jetpack_featured_media_url":"https:\/\/eldiariodesanpedro.com.ar\/sitio\/wp-content\/uploads\/2017\/10\/camioneta-policia-noche.jpg","jetpack_shortlink":"https:\/\/wp.me\/p6RhLt-9fs","jetpack_sharing_enabled":true,"_links":{"self":[{"href":"https:\/\/eldiariodesanpedro.com.ar\/sitio\/wp-json\/wp\/v2\/posts\/35554","targetHints":{"allow":["GET"]}}],"collection":[{"href":"https:\/\/eldiariodesanpedro.com.ar\/sitio\/wp-json\/wp\/v2\/posts"}],"about":[{"href":"https:\/\/eldiariodesanpedro.com.ar\/sitio\/wp-json\/wp\/v2\/types\/post"}],"author":[{"embeddable":true,"href":"https:\/\/eldiariodesanpedro.com.ar\/sitio\/wp-json\/wp\/v2\/users\/4"}],"replies":[{"embeddable":true,"href":"https:\/\/eldiariodesanpedro.com.ar\/sitio\/wp-json\/wp\/v2\/comments?post=35554"}],"version-history":[{"count":1,"href":"https:\/\/eldiariodesanpedro.com.ar\/sitio\/wp-json\/wp\/v2\/posts\/35554\/revisions"}],"predecessor-version":[{"id":35558,"href":"https:\/\/eldiariodesanpedro.com.ar\/sitio\/wp-json\/wp\/v2\/posts\/35554\/revisions\/35558"}],"wp:featuredmedia":[{"embeddable":true,"href":"https:\/\/eldiariodesanpedro.com.ar\/sitio\/wp-json\/wp\/v2\/media\/24590"}],"wp:attachment":[{"href":"https:\/\/eldiariodesanpedro.com.ar\/sitio\/wp-json\/wp\/v2\/media?parent=35554"}],"wp:term":[{"taxonomy":"category","embeddable":true,"href":"https:\/\/eldiariodesanpedro.com.ar\/sitio\/wp-json\/wp\/v2\/categories?post=35554"},{"taxonomy":"post_tag","embeddable":true,"href":"https:\/\/eldiariodesanpedro.com.ar\/sitio\/wp-json\/wp\/v2\/tags?post=35554"}],"curies":[{"name":"wp","href":"https:\/\/api.w.org\/{rel}","templated":true}]}}