{"id":35549,"date":"2018-06-29T09:42:54","date_gmt":"2018-06-29T12:42:54","guid":{"rendered":"https:\/\/eldiariodesanpedro.com.ar\/sitio\/?p=35549"},"modified":"2018-06-29T09:44:05","modified_gmt":"2018-06-29T12:44:05","slug":"la-municipalidad-presente-en-el-cla-del-inta","status":"publish","type":"post","link":"https:\/\/eldiariodesanpedro.com.ar\/sitio\/la-municipalidad-presente-en-el-cla-del-inta\/","title":{"rendered":"La Municipalidad presente en el CLA del INTA"},"content":{"rendered":"<p><!-- VideographyWP Plugin Message: Automatic video embedding prevented by plugin options. --><br \/>\nLa Municipalidad de San Pedro particip\u00f3 de una nueva reuni\u00f3n del Consejo local Asesor del INTA, en la estaci\u00f3n experimental ubicada en el kil\u00f3metro 170 de la ruta 9. <\/p>\n<p>En esta ocasi\u00f3n, se cont\u00f3 con la integraci\u00f3n de la provincia a trav\u00e9s de Hern\u00e1n Ferreyra, de la Direcci\u00f3n de Transferencia de Tecnolog\u00eda del Ministerio de Agroindustria de Buenos Aires. <\/p>\n","protected":false},"excerpt":{"rendered":"<p>La Municipalidad de San Pedro particip\u00f3 de una nueva reuni\u00f3n del Consejo local Asesor del INTA, en la estaci\u00f3n experimental ubicada en el kil\u00f3metro 170 de la ruta 9. En esta ocasi\u00f3n, se cont\u00f3 con la integraci\u00f3n de la provincia a trav\u00e9s de Hern\u00e1n Ferreyra, de la Direcci\u00f3n de Transferencia de Tecnolog\u00eda del Ministerio de [&hellip;]<\/p>\n","protected":false},"author":4,"featured_media":35552,"comment_status":"open","ping_status":"closed","sticky":false,"template":"","format":"standard","meta":{"om_disable_all_campaigns":false,"_jetpack_memberships_contains_paid_content":false,"footnotes":""},"categories":[101,2],"tags":[],"class_list":["post-35549","post","type-post","status-publish","format-standard","has-post-thumbnail","hentry","category-interes-general-locales","category-locales"],"aioseo_notices":[],"gutentor_comment":0,"jetpack_featured_media_url":"https:\/\/eldiariodesanpedro.com.ar\/sitio\/wp-content\/uploads\/2018\/06\/unnamed-7.jpg","jetpack_shortlink":"https:\/\/wp.me\/p6RhLt-9fn","jetpack_sharing_enabled":true,"_links":{"self":[{"href":"https:\/\/eldiariodesanpedro.com.ar\/sitio\/wp-json\/wp\/v2\/posts\/35549","targetHints":{"allow":["GET"]}}],"collection":[{"href":"https:\/\/eldiariodesanpedro.com.ar\/sitio\/wp-json\/wp\/v2\/posts"}],"about":[{"href":"https:\/\/eldiariodesanpedro.com.ar\/sitio\/wp-json\/wp\/v2\/types\/post"}],"author":[{"embeddable":true,"href":"https:\/\/eldiariodesanpedro.com.ar\/sitio\/wp-json\/wp\/v2\/users\/4"}],"replies":[{"embeddable":true,"href":"https:\/\/eldiariodesanpedro.com.ar\/sitio\/wp-json\/wp\/v2\/comments?post=35549"}],"version-history":[{"count":1,"href":"https:\/\/eldiariodesanpedro.com.ar\/sitio\/wp-json\/wp\/v2\/posts\/35549\/revisions"}],"predecessor-version":[{"id":35553,"href":"https:\/\/eldiariodesanpedro.com.ar\/sitio\/wp-json\/wp\/v2\/posts\/35549\/revisions\/35553"}],"wp:featuredmedia":[{"embeddable":true,"href":"https:\/\/eldiariodesanpedro.com.ar\/sitio\/wp-json\/wp\/v2\/media\/35552"}],"wp:attachment":[{"href":"https:\/\/eldiariodesanpedro.com.ar\/sitio\/wp-json\/wp\/v2\/media?parent=35549"}],"wp:term":[{"taxonomy":"category","embeddable":true,"href":"https:\/\/eldiariodesanpedro.com.ar\/sitio\/wp-json\/wp\/v2\/categories?post=35549"},{"taxonomy":"post_tag","embeddable":true,"href":"https:\/\/eldiariodesanpedro.com.ar\/sitio\/wp-json\/wp\/v2\/tags?post=35549"}],"curies":[{"name":"wp","href":"https:\/\/api.w.org\/{rel}","templated":true}]}}