{"id":35546,"date":"2018-06-29T09:37:21","date_gmt":"2018-06-29T12:37:21","guid":{"rendered":"https:\/\/eldiariodesanpedro.com.ar\/sitio\/?p=35546"},"modified":"2018-06-29T10:54:51","modified_gmt":"2018-06-29T13:54:51","slug":"robaron-una-bicicleta-en-la-escuela-no1","status":"publish","type":"post","link":"https:\/\/eldiariodesanpedro.com.ar\/sitio\/robaron-una-bicicleta-en-la-escuela-no1\/","title":{"rendered":"Robaron una bicicleta del interior de la Escuela N\u00ba1"},"content":{"rendered":"<p><!-- VideographyWP Plugin Message: Automatic video embedding prevented by plugin options. --><br \/>\nEl hecho ocurri\u00f3 este jueves por la ma\u00f1ana. Un alumno de la Escuela N\u00ba 1, ubicada en la intersecci\u00f3n de calles Bartolom\u00e9 Mitre e Hip\u00f3lito Irigoyen, guard\u00f3 su bicicleta todo terreno dentro del Establecimiento como todos los d\u00edas y, al terminar la jornada escolar, constat\u00f3 que le hab\u00edan sustra\u00eddo el rodado.<\/p>\n<p>El padre del ni\u00f1o radic\u00f3 la denuncia en la dependencia local ese mismo d\u00eda por la tarde; muy sorprendido porque la bicicleta fue robada del interior del Establecimiento y no hay testigos del hecho.<\/p>\n<p>El Diario de San Pedro dialog\u00f3 con uno de los directivos de la escuela y cont\u00f3 que est\u00e1n refaccionando el lugar, hace 20 d\u00edas que el Consejo Escolar arranc\u00f3 la obra. Explic\u00f3 que los alumnos fueron notificados que el port\u00f3n de la calle Mitre iba a estar abierto todos los d\u00edas desde las 8 de la ma\u00f1ana hasta las 5 de la tarde. Adem\u00e1s, se\u00f1al\u00f3 que hay alba\u00f1iles y pintores trabajando, entran y salen todo el tiempo porque van a cargar arena.<\/p>\n<p> Al finalizar el di\u00e1logo con este medio agreg\u00f3 \u201cLos alumnos tienen el bicicletero ubicado sobre calle  Hip\u00f3lito Irigoyen,  deben usarlo y dejar sus bicicletas con candado, no podemos controlar todo\u201d.<\/p>\n","protected":false},"excerpt":{"rendered":"<p>El hecho ocurri\u00f3 este jueves por la ma\u00f1ana. Un alumno de la Escuela N\u00ba 1, ubicada en la intersecci\u00f3n de calles Bartolom\u00e9 Mitre e Hip\u00f3lito Irigoyen, guard\u00f3 su bicicleta todo terreno dentro del Establecimiento como todos los d\u00edas y, al terminar la jornada escolar, constat\u00f3 que le hab\u00edan sustra\u00eddo el rodado. El padre del ni\u00f1o [&hellip;]<\/p>\n","protected":false},"author":4,"featured_media":35547,"comment_status":"open","ping_status":"closed","sticky":false,"template":"","format":"standard","meta":{"om_disable_all_campaigns":false,"_jetpack_memberships_contains_paid_content":false,"footnotes":""},"categories":[50,2,103],"tags":[],"class_list":["post-35546","post","type-post","status-publish","format-standard","has-post-thumbnail","hentry","category-destacadas","category-locales","category-policiales-locales"],"aioseo_notices":[],"gutentor_comment":0,"jetpack_featured_media_url":"https:\/\/eldiariodesanpedro.com.ar\/sitio\/wp-content\/uploads\/2018\/06\/escuela-1.jpg","jetpack_shortlink":"https:\/\/wp.me\/p6RhLt-9fk","jetpack_sharing_enabled":true,"_links":{"self":[{"href":"https:\/\/eldiariodesanpedro.com.ar\/sitio\/wp-json\/wp\/v2\/posts\/35546","targetHints":{"allow":["GET"]}}],"collection":[{"href":"https:\/\/eldiariodesanpedro.com.ar\/sitio\/wp-json\/wp\/v2\/posts"}],"about":[{"href":"https:\/\/eldiariodesanpedro.com.ar\/sitio\/wp-json\/wp\/v2\/types\/post"}],"author":[{"embeddable":true,"href":"https:\/\/eldiariodesanpedro.com.ar\/sitio\/wp-json\/wp\/v2\/users\/4"}],"replies":[{"embeddable":true,"href":"https:\/\/eldiariodesanpedro.com.ar\/sitio\/wp-json\/wp\/v2\/comments?post=35546"}],"version-history":[{"count":5,"href":"https:\/\/eldiariodesanpedro.com.ar\/sitio\/wp-json\/wp\/v2\/posts\/35546\/revisions"}],"predecessor-version":[{"id":35588,"href":"https:\/\/eldiariodesanpedro.com.ar\/sitio\/wp-json\/wp\/v2\/posts\/35546\/revisions\/35588"}],"wp:featuredmedia":[{"embeddable":true,"href":"https:\/\/eldiariodesanpedro.com.ar\/sitio\/wp-json\/wp\/v2\/media\/35547"}],"wp:attachment":[{"href":"https:\/\/eldiariodesanpedro.com.ar\/sitio\/wp-json\/wp\/v2\/media?parent=35546"}],"wp:term":[{"taxonomy":"category","embeddable":true,"href":"https:\/\/eldiariodesanpedro.com.ar\/sitio\/wp-json\/wp\/v2\/categories?post=35546"},{"taxonomy":"post_tag","embeddable":true,"href":"https:\/\/eldiariodesanpedro.com.ar\/sitio\/wp-json\/wp\/v2\/tags?post=35546"}],"curies":[{"name":"wp","href":"https:\/\/api.w.org\/{rel}","templated":true}]}}