{"id":35532,"date":"2018-06-28T21:15:03","date_gmt":"2018-06-29T00:15:03","guid":{"rendered":"https:\/\/eldiariodesanpedro.com.ar\/sitio\/?p=35532"},"modified":"2026-01-24T00:13:21","modified_gmt":"2026-01-24T03:13:21","slug":"yachting-nautico-gano-por-equipos-en-la-semana-de-la-bandera","status":"publish","type":"post","link":"https:\/\/eldiariodesanpedro.com.ar\/sitio\/yachting-nautico-gano-por-equipos-en-la-semana-de-la-bandera\/","title":{"rendered":"YACHTING: N\u00e1utico gan\u00f3 por equipos en la Semana de la Bandera"},"content":{"rendered":"<p><!-- VideographyWP Plugin Message: Automatic video embedding prevented by plugin options. --><br \/>\n  En la quinta fecha del GPL que complet\u00f3 la Semana de la Bandera, N\u00e1utico se qued\u00f3 con el campeonato por equipos en el Yacht Club Rosario. <\/p>\n<p>  Como cada junio, dos fechas del tradicional torneo se concentran en Rosario y, en la primera fecha se hab\u00edan corrido regatas en el Club de Velas.<\/p>\n<p>  N\u00e1utico obtuvo el t\u00edtulo por equipos en Optimist, donde participaron 180 deportistas. <\/p>\n<p>  Los resultados individuales fueron, 2\u00ba Delfina Kuttel (primera en infantil y femenina), 7\u00ba Lucas Hidalgo, 9\u00ba Nahuel Malacalza y 12\u00b0 de Lucio Fenouil, 21\u00ba Francisco G\u00f3mez, 90\u00ba Milena Muscia, 106\u00ba Juan Bartolom\u00e9 Cha Vaccari.<br \/>\n  En L\u00e1ser Radial 4\u00ba Iv\u00e1n Luppi, 6\u00ba Malena Sciarra, 7\u00ba Juan Segundo Graff. <\/p>\n<p>  En L\u00e1ser Standard 2\u00ba Pedro Hecker y 5\u00ba Alejandro Matoso.<br \/>\n  En 29er Federico Moretti &#8211; F. Menzel 5\u00ba. <\/p>\n<p>  Sumando las dos fechas el resultado para la Semana de la Bandera como prueba puntual dej\u00f3 en 2\u00ba lugar individual a Nahuel Malacalza y Delfina Kuttel 4\u00ba en los primeros lugares. Pedro Hecker gan\u00f3 en L\u00e1ser Standard, Iv\u00e1n Luppi fue segundo y Malena Sciarra cuarta en Radial.<\/p>\n","protected":false},"excerpt":{"rendered":"<p>En la quinta fecha del GPL que complet\u00f3 la Semana de la Bandera, N\u00e1utico se qued\u00f3 con el campeonato por equipos en el Yacht Club Rosario. Como cada junio, dos fechas del tradicional torneo se concentran en Rosario y, en la primera fecha se hab\u00edan corrido regatas en el Club de Velas. N\u00e1utico obtuvo el [&hellip;]<\/p>\n","protected":false},"author":4,"featured_media":35534,"comment_status":"open","ping_status":"closed","sticky":false,"template":"","format":"standard","meta":{"om_disable_all_campaigns":false,"_jetpack_memberships_contains_paid_content":false,"footnotes":""},"categories":[5],"tags":[],"class_list":["post-35532","post","type-post","status-publish","format-standard","has-post-thumbnail","hentry","category-deportes"],"aioseo_notices":[],"gutentor_comment":0,"jetpack_featured_media_url":"https:\/\/eldiariodesanpedro.com.ar\/sitio\/wp-content\/uploads\/2018\/06\/YACHTING-Equipo-completo-de-N\u00e1utico.jpg","jetpack_shortlink":"https:\/\/wp.me\/p6RhLt-9f6","jetpack_sharing_enabled":true,"_links":{"self":[{"href":"https:\/\/eldiariodesanpedro.com.ar\/sitio\/wp-json\/wp\/v2\/posts\/35532","targetHints":{"allow":["GET"]}}],"collection":[{"href":"https:\/\/eldiariodesanpedro.com.ar\/sitio\/wp-json\/wp\/v2\/posts"}],"about":[{"href":"https:\/\/eldiariodesanpedro.com.ar\/sitio\/wp-json\/wp\/v2\/types\/post"}],"author":[{"embeddable":true,"href":"https:\/\/eldiariodesanpedro.com.ar\/sitio\/wp-json\/wp\/v2\/users\/4"}],"replies":[{"embeddable":true,"href":"https:\/\/eldiariodesanpedro.com.ar\/sitio\/wp-json\/wp\/v2\/comments?post=35532"}],"version-history":[{"count":1,"href":"https:\/\/eldiariodesanpedro.com.ar\/sitio\/wp-json\/wp\/v2\/posts\/35532\/revisions"}],"predecessor-version":[{"id":35535,"href":"https:\/\/eldiariodesanpedro.com.ar\/sitio\/wp-json\/wp\/v2\/posts\/35532\/revisions\/35535"}],"wp:featuredmedia":[{"embeddable":true,"href":"https:\/\/eldiariodesanpedro.com.ar\/sitio\/wp-json\/wp\/v2\/media\/35534"}],"wp:attachment":[{"href":"https:\/\/eldiariodesanpedro.com.ar\/sitio\/wp-json\/wp\/v2\/media?parent=35532"}],"wp:term":[{"taxonomy":"category","embeddable":true,"href":"https:\/\/eldiariodesanpedro.com.ar\/sitio\/wp-json\/wp\/v2\/categories?post=35532"},{"taxonomy":"post_tag","embeddable":true,"href":"https:\/\/eldiariodesanpedro.com.ar\/sitio\/wp-json\/wp\/v2\/tags?post=35532"}],"curies":[{"name":"wp","href":"https:\/\/api.w.org\/{rel}","templated":true}]}}