{"id":35529,"date":"2018-06-28T21:12:48","date_gmt":"2018-06-29T00:12:48","guid":{"rendered":"https:\/\/eldiariodesanpedro.com.ar\/sitio\/?p=35529"},"modified":"2026-01-24T00:13:21","modified_gmt":"2026-01-24T03:13:21","slug":"canotaje-rossi-y-destefano-en-viedma","status":"publish","type":"post","link":"https:\/\/eldiariodesanpedro.com.ar\/sitio\/canotaje-rossi-y-destefano-en-viedma\/","title":{"rendered":"CANOTAJE: Rossi y D&#8217;Est\u00e9fano en Viedma"},"content":{"rendered":"<p><!-- VideographyWP Plugin Message: Automatic video embedding prevented by plugin options. --><br \/>\n  En la recta final hacia la confirmaci\u00f3n de sus lugares en el equipo de canotaje argentino que participar\u00e1 de los Juegos Ol\u00edmpicos de la Juventud en Argentina, los representantes del Canotaje Club N\u00e1utico San Pedro Rebeca D&#8217;Estefano y Valent\u00edn Rossi comenzaron una tanda de entrenamientos durante dos semanas en Viedma, R\u00edo Negro, junto a otros deportistas argentinos.<br \/>\n  Ambos esperan con ansiedad la definici\u00f3n sobre las plazas para este importante torneo que tendr\u00e1 lugar en octubre.<\/p>\n","protected":false},"excerpt":{"rendered":"<p>En la recta final hacia la confirmaci\u00f3n de sus lugares en el equipo de canotaje argentino que participar\u00e1 de los Juegos Ol\u00edmpicos de la Juventud en Argentina, los representantes del Canotaje Club N\u00e1utico San Pedro Rebeca D&#8217;Estefano y Valent\u00edn Rossi comenzaron una tanda de entrenamientos durante dos semanas en Viedma, R\u00edo Negro, junto a otros [&hellip;]<\/p>\n","protected":false},"author":4,"featured_media":35531,"comment_status":"open","ping_status":"closed","sticky":false,"template":"","format":"standard","meta":{"om_disable_all_campaigns":false,"_jetpack_memberships_contains_paid_content":false,"footnotes":""},"categories":[5],"tags":[],"class_list":["post-35529","post","type-post","status-publish","format-standard","has-post-thumbnail","hentry","category-deportes"],"aioseo_notices":[],"gutentor_comment":0,"jetpack_featured_media_url":"https:\/\/eldiariodesanpedro.com.ar\/sitio\/wp-content\/uploads\/2018\/06\/Rossi-y-D\u2019Est\u00e9fano.jpg","jetpack_shortlink":"https:\/\/wp.me\/p6RhLt-9f3","jetpack_sharing_enabled":true,"_links":{"self":[{"href":"https:\/\/eldiariodesanpedro.com.ar\/sitio\/wp-json\/wp\/v2\/posts\/35529","targetHints":{"allow":["GET"]}}],"collection":[{"href":"https:\/\/eldiariodesanpedro.com.ar\/sitio\/wp-json\/wp\/v2\/posts"}],"about":[{"href":"https:\/\/eldiariodesanpedro.com.ar\/sitio\/wp-json\/wp\/v2\/types\/post"}],"author":[{"embeddable":true,"href":"https:\/\/eldiariodesanpedro.com.ar\/sitio\/wp-json\/wp\/v2\/users\/4"}],"replies":[{"embeddable":true,"href":"https:\/\/eldiariodesanpedro.com.ar\/sitio\/wp-json\/wp\/v2\/comments?post=35529"}],"version-history":[{"count":1,"href":"https:\/\/eldiariodesanpedro.com.ar\/sitio\/wp-json\/wp\/v2\/posts\/35529\/revisions"}],"predecessor-version":[{"id":35533,"href":"https:\/\/eldiariodesanpedro.com.ar\/sitio\/wp-json\/wp\/v2\/posts\/35529\/revisions\/35533"}],"wp:featuredmedia":[{"embeddable":true,"href":"https:\/\/eldiariodesanpedro.com.ar\/sitio\/wp-json\/wp\/v2\/media\/35531"}],"wp:attachment":[{"href":"https:\/\/eldiariodesanpedro.com.ar\/sitio\/wp-json\/wp\/v2\/media?parent=35529"}],"wp:term":[{"taxonomy":"category","embeddable":true,"href":"https:\/\/eldiariodesanpedro.com.ar\/sitio\/wp-json\/wp\/v2\/categories?post=35529"},{"taxonomy":"post_tag","embeddable":true,"href":"https:\/\/eldiariodesanpedro.com.ar\/sitio\/wp-json\/wp\/v2\/tags?post=35529"}],"curies":[{"name":"wp","href":"https:\/\/api.w.org\/{rel}","templated":true}]}}