{"id":35527,"date":"2018-06-28T21:04:37","date_gmt":"2018-06-29T00:04:37","guid":{"rendered":"https:\/\/eldiariodesanpedro.com.ar\/sitio\/?p=35527"},"modified":"2026-01-24T00:13:21","modified_gmt":"2026-01-24T03:13:21","slug":"futbol-local-se-acercan-las-semifinales-bajas-para-los-equipos","status":"publish","type":"post","link":"https:\/\/eldiariodesanpedro.com.ar\/sitio\/futbol-local-se-acercan-las-semifinales-bajas-para-los-equipos\/","title":{"rendered":"F\u00daTBOL LOCAL: Se acercan las semifinales. Bajas para los equipos"},"content":{"rendered":"<p><!-- VideographyWP Plugin Message: Automatic video embedding prevented by plugin options. --><br \/>\n  Las Palmeras y La Esperanza se miden en R\u00edo Tala el domingo desde las 15 horas en el partido de ida por una de las semifinales del Apertura.<\/p>\n<p>  Por l\u00edmite de amonestaciones no podr\u00e1n jugar Esteban Garc\u00eda y Joel Arriola en el elenco de R\u00edo Tala y Gabriel Sans\u00f3 en el \u201cVerde\u201d y Alejandro Biain (1 fecha) expulsado el \u00faltimo domingo, cuatro jugadores que fueron titulares en todo el certamen y son claves en los equipos de Javier Pist\u00e1n y Gerardo Biain.<\/p>\n<p>  En el otro cotejo de semifinales Francisco Esp\u00edndola (Mitre), expulsado en el cotejo ante Paran\u00e1, se perder\u00e1 el partido de ida que se juega en P\u00e9rez Mill\u00e1n ante Gral. San Mart\u00edn, el domingo a las 15.30 horas, mientras que el local no tiene bajas para este cotejo.<\/p>\n<p>  El equipo de Agust\u00edn D\u00edaz (Mitre) gole\u00f3 al de Roque Quiroga (S. Mart\u00edn) en la etapa clasificatoria, pero ambos culminaron en lo m\u00e1s alto de la zona al finalizar la ronda regular.<\/p>\n<p>  Sanciones del tribunal de disciplina: Agust\u00edn Castro (Paran\u00e1), Alexis Aguilar (Banfield) y Jonathan Krampitz (Atl\u00e9tico) una fecha para uno.<\/p>\n<p>  Con respecto a la informaci\u00f3n que hab\u00edamos adelantado, hubo algunos cambios, quedando el programa de partidos para este fin de semana de la siguiente manera:<\/p>\n<p><strong>S\u00e1bado 30 de junio<\/strong><br \/>\n5ta. 15:00 horas&#8211; Independencia vs. La Esperanza (revancha, ida 2-0)<br \/>\n4ra. 16:00 horas&#8211; Mitre vs. La Esperanza (partido de ida), cancha La Esperanza<br \/>\nSub 21- 14:30 horas&#8211; La Esperanza vs. Gral. San Mart\u00edn (ida)<\/p>\n<p><strong>Domingo 1\u00b0 de julio<\/strong><br \/>\n3ra. 11:30 horas&#8211; Agricultores Club vs. Gral. San Mart\u00edn (ida)<br \/>\nSub 21- 15:30 horas&#8211; Def. Unidos vs. Sportivo (ida)<br \/>\n1ra. 15:30 horas&#8211; Gral. San Mart\u00edn vs. Mitre (ida)<br \/>\n1ra. 15:00 horas&#8211; Las Palmeras vs. La Esperanza<\/p>\n","protected":false},"excerpt":{"rendered":"<p>Las Palmeras y La Esperanza se miden en R\u00edo Tala el domingo desde las 15 horas en el partido de ida por una de las semifinales del Apertura. Por l\u00edmite de amonestaciones no podr\u00e1n jugar Esteban Garc\u00eda y Joel Arriola en el elenco de R\u00edo Tala y Gabriel Sans\u00f3 en el \u201cVerde\u201d y Alejandro Biain [&hellip;]<\/p>\n","protected":false},"author":4,"featured_media":35528,"comment_status":"open","ping_status":"closed","sticky":false,"template":"","format":"standard","meta":{"om_disable_all_campaigns":false,"_jetpack_memberships_contains_paid_content":false,"footnotes":""},"categories":[5],"tags":[],"class_list":["post-35527","post","type-post","status-publish","format-standard","has-post-thumbnail","hentry","category-deportes"],"aioseo_notices":[],"gutentor_comment":0,"jetpack_featured_media_url":"https:\/\/eldiariodesanpedro.com.ar\/sitio\/wp-content\/uploads\/2018\/06\/futbol-5.jpg","jetpack_shortlink":"https:\/\/wp.me\/p6RhLt-9f1","jetpack_sharing_enabled":true,"_links":{"self":[{"href":"https:\/\/eldiariodesanpedro.com.ar\/sitio\/wp-json\/wp\/v2\/posts\/35527","targetHints":{"allow":["GET"]}}],"collection":[{"href":"https:\/\/eldiariodesanpedro.com.ar\/sitio\/wp-json\/wp\/v2\/posts"}],"about":[{"href":"https:\/\/eldiariodesanpedro.com.ar\/sitio\/wp-json\/wp\/v2\/types\/post"}],"author":[{"embeddable":true,"href":"https:\/\/eldiariodesanpedro.com.ar\/sitio\/wp-json\/wp\/v2\/users\/4"}],"replies":[{"embeddable":true,"href":"https:\/\/eldiariodesanpedro.com.ar\/sitio\/wp-json\/wp\/v2\/comments?post=35527"}],"version-history":[{"count":1,"href":"https:\/\/eldiariodesanpedro.com.ar\/sitio\/wp-json\/wp\/v2\/posts\/35527\/revisions"}],"predecessor-version":[{"id":35530,"href":"https:\/\/eldiariodesanpedro.com.ar\/sitio\/wp-json\/wp\/v2\/posts\/35527\/revisions\/35530"}],"wp:featuredmedia":[{"embeddable":true,"href":"https:\/\/eldiariodesanpedro.com.ar\/sitio\/wp-json\/wp\/v2\/media\/35528"}],"wp:attachment":[{"href":"https:\/\/eldiariodesanpedro.com.ar\/sitio\/wp-json\/wp\/v2\/media?parent=35527"}],"wp:term":[{"taxonomy":"category","embeddable":true,"href":"https:\/\/eldiariodesanpedro.com.ar\/sitio\/wp-json\/wp\/v2\/categories?post=35527"},{"taxonomy":"post_tag","embeddable":true,"href":"https:\/\/eldiariodesanpedro.com.ar\/sitio\/wp-json\/wp\/v2\/tags?post=35527"}],"curies":[{"name":"wp","href":"https:\/\/api.w.org\/{rel}","templated":true}]}}