{"id":35523,"date":"2018-06-28T20:59:30","date_gmt":"2018-06-28T23:59:30","guid":{"rendered":"https:\/\/eldiariodesanpedro.com.ar\/sitio\/?p=35523"},"modified":"2018-06-28T20:59:30","modified_gmt":"2018-06-28T23:59:30","slug":"campana-el-juzgado-federal-de-campana-proceso-a-la-abogada-sospechada-de-haber-sido-coautora-del-doble-crimen-narco-de-belgrano","status":"publish","type":"post","link":"https:\/\/eldiariodesanpedro.com.ar\/sitio\/campana-el-juzgado-federal-de-campana-proceso-a-la-abogada-sospechada-de-haber-sido-coautora-del-doble-crimen-narco-de-belgrano\/","title":{"rendered":"CAMPANA: El Juzgado Federal de Campana proces\u00f3 a la abogada sospechada de haber sido coautora del doble crimen narco de Belgrano"},"content":{"rendered":"<p><!-- VideographyWP Plugin Message: Automatic video embedding prevented by plugin options. --><br \/>\nLa abogada Julieta Bonanno, sospechada de participar en el doble crimen ocurrido el pasado 4 de junio en un departamento del barrio porte\u00f1o de Belgrano, fue procesada con prisi\u00f3n preventiva.<\/p>\n<p>La letrada, de 29 a\u00f1os, est\u00e1 acusada de ser la coautora de los homicidios de un hombre de nacionalidad mexicana vinculado a una causa narco, Rodrigo Naged Ram\u00edrez, de 59, y de su hijo John, de 30.<\/p>\n<p>La medida judicial dada a conocer este martes, fue tomada por el juez federal de Campana, Adri\u00e1n Gonz\u00e1lez Charvay, que la considera como coautora del delito de doble homicidio agravado por haber sido cometido con alevos\u00eda, con el concurso premeditado de dos o m\u00e1s personas y por el uso de arma de fuego, trab\u00e1ndosele un embargo por tres millones de pesos.<\/p>\n<p>Bonnano era la abogada de Naged Ram\u00edrez, en el expediente en el que el hombre estaba siendo investigado por el delito de narcotr\u00e1fico, en la causa conocida como \u201cBobinas blancas\u201d en la que se secuestraron alrededor de dos toneladas de coca\u00edna.<\/p>\n<p>Naged Ram\u00edrez estaba cumpliendo prisi\u00f3n domiciliaria en el departamento de Belgrano, ya que hab\u00eda estado preso pero sufri\u00f3 un ACV, tras lo cual le otorgaron el beneficio del arresto en su domicilio.<\/p>\n<p>El pasado 13 de junio, la justicia recibi\u00f3 el resultado de una pericia que determin\u00f3 que Bonanno, que estaba detenida desde hac\u00eda una semana, ten\u00eda restos de p\u00f3lvora en una de sus manos.<\/p>\n<p>Por eso, la justicia empez\u00f3 a sospechar que la mujer habr\u00eda sido quien ejecut\u00f3 algunos de los disparos que terminaron con la vida de padre e hijo, o al menos que estuvo presente en las ejecuciones.<\/p>\n<p>En su primer relato ante los investigadores, la abogada dijo que ella fue encerrada por el sicario -que a\u00fan no fue identificado- en el lavadero del departamento cuando se produjeron los asesinatos.<\/p>\n<p>Sin embargo, en un video de las c\u00e1maras de seguridad del edificio se puede ver que ella dialog\u00f3 con el asesino antes de ingresar al departamento de las v\u00edctimas, lo que determin\u00f3 su posterior detenci\u00f3n en su domicilio de la localidad bonaerense de Ituzaing\u00f3.<\/p>\n<p>Una primera pericia realizada por la Polic\u00eda de la Ciudad determin\u00f3 que hab\u00eda rastros de p\u00f3lvora y otros metales en la mano izquierda de la abogada. Los rastros se encontraron puntualmente sobre la cara externa de esa mano, entre el dedo \u00edndice y el pulgar.<\/p>\n<p>En las pericias realizadas tambi\u00e9n se determin\u00f3 que una de las v\u00edctimas, el colombiano John Naged, ten\u00eda rastros de p\u00f3lvora, con una contaminaci\u00f3n que ser\u00eda tras un gesto defensivo en el momento de ser asesinado.<\/p>\n<p>El doble crimen ocurri\u00f3 en un edificio ubicado en la avenida Cabildo al 2.600 despu\u00e9s que las v\u00edctimas se reunieran con la abogada ahora detenida.<\/p>\n<p>Fuente: Enlace Critico<\/p>\n","protected":false},"excerpt":{"rendered":"<p>La abogada Julieta Bonanno, sospechada de participar en el doble crimen ocurrido el pasado 4 de junio en un departamento del barrio porte\u00f1o de Belgrano, fue procesada con prisi\u00f3n preventiva. La letrada, de 29 a\u00f1os, est\u00e1 acusada de ser la coautora de los homicidios de un hombre de nacionalidad mexicana vinculado a una causa narco, [&hellip;]<\/p>\n","protected":false},"author":4,"featured_media":35525,"comment_status":"open","ping_status":"closed","sticky":false,"template":"","format":"standard","meta":{"om_disable_all_campaigns":false,"_jetpack_memberships_contains_paid_content":false,"footnotes":""},"categories":[621],"tags":[],"class_list":["post-35523","post","type-post","status-publish","format-standard","has-post-thumbnail","hentry","category-regionales"],"aioseo_notices":[],"gutentor_comment":0,"jetpack_featured_media_url":"https:\/\/eldiariodesanpedro.com.ar\/sitio\/wp-content\/uploads\/2018\/06\/abogada-Julieta-Bonanno.jpg","jetpack_shortlink":"https:\/\/wp.me\/p6RhLt-9eX","jetpack_sharing_enabled":true,"_links":{"self":[{"href":"https:\/\/eldiariodesanpedro.com.ar\/sitio\/wp-json\/wp\/v2\/posts\/35523","targetHints":{"allow":["GET"]}}],"collection":[{"href":"https:\/\/eldiariodesanpedro.com.ar\/sitio\/wp-json\/wp\/v2\/posts"}],"about":[{"href":"https:\/\/eldiariodesanpedro.com.ar\/sitio\/wp-json\/wp\/v2\/types\/post"}],"author":[{"embeddable":true,"href":"https:\/\/eldiariodesanpedro.com.ar\/sitio\/wp-json\/wp\/v2\/users\/4"}],"replies":[{"embeddable":true,"href":"https:\/\/eldiariodesanpedro.com.ar\/sitio\/wp-json\/wp\/v2\/comments?post=35523"}],"version-history":[{"count":1,"href":"https:\/\/eldiariodesanpedro.com.ar\/sitio\/wp-json\/wp\/v2\/posts\/35523\/revisions"}],"predecessor-version":[{"id":35526,"href":"https:\/\/eldiariodesanpedro.com.ar\/sitio\/wp-json\/wp\/v2\/posts\/35523\/revisions\/35526"}],"wp:featuredmedia":[{"embeddable":true,"href":"https:\/\/eldiariodesanpedro.com.ar\/sitio\/wp-json\/wp\/v2\/media\/35525"}],"wp:attachment":[{"href":"https:\/\/eldiariodesanpedro.com.ar\/sitio\/wp-json\/wp\/v2\/media?parent=35523"}],"wp:term":[{"taxonomy":"category","embeddable":true,"href":"https:\/\/eldiariodesanpedro.com.ar\/sitio\/wp-json\/wp\/v2\/categories?post=35523"},{"taxonomy":"post_tag","embeddable":true,"href":"https:\/\/eldiariodesanpedro.com.ar\/sitio\/wp-json\/wp\/v2\/tags?post=35523"}],"curies":[{"name":"wp","href":"https:\/\/api.w.org\/{rel}","templated":true}]}}