{"id":35521,"date":"2018-06-28T20:57:39","date_gmt":"2018-06-28T23:57:39","guid":{"rendered":"https:\/\/eldiariodesanpedro.com.ar\/sitio\/?p=35521"},"modified":"2018-06-28T20:57:39","modified_gmt":"2018-06-28T23:57:39","slug":"baradero-sospechan-que-habria-sido-intencional-el-incendio-de-un-auto","status":"publish","type":"post","link":"https:\/\/eldiariodesanpedro.com.ar\/sitio\/baradero-sospechan-que-habria-sido-intencional-el-incendio-de-un-auto\/","title":{"rendered":"BARADERO: Sospechan que \u201chabr\u00eda sido intencional\u201d el incendio de un auto"},"content":{"rendered":"<p><!-- VideographyWP Plugin Message: Automatic video embedding prevented by plugin options. --><br \/>\nEl episodio ocurri\u00f3 ayer a la madrugada sobre calles Malabia y Newbery. Bomberos Voluntarios concurri\u00f3 con una dotaci\u00f3n para extinguir el fuego que se hab\u00eda generado en un veh\u00edculo estacionado. La Polic\u00eda investiga el episodio ya que \u201clos damnificados aseguran que el auto estaba sin bater\u00eda y sin funcionar\u201d. Las sospechas recaen sobre la intencionalidad del incendio.<\/p>\n<p>  \u201c01:50 hs del jueves 28 de junio, Bomberos Voluntarios Baradero fue alertado por incendio de veh\u00edculo en Malabia y Jorge Newbery Baradero. Trabajo en el lugar el m\u00f3vil 5\/45\u201d, expresa el reporte de Bomberos.<\/p>\n<p>  Lo cierto es que el autom\u00f3vil Renault 4 L estaba detenido sin funcionar.<\/p>\n<p>  As\u00ed lo relataron los vecinos a la Polic\u00eda cuando arrib\u00f3 al lugar y, tras solicitar las pericias del rodado.<br \/>\n  Sospechan que fue incendiado intencionalmente.<\/p>\n<p>Fuente: Tu L\u00ednea Directa<\/p>\n","protected":false},"excerpt":{"rendered":"<p>El episodio ocurri\u00f3 ayer a la madrugada sobre calles Malabia y Newbery. Bomberos Voluntarios concurri\u00f3 con una dotaci\u00f3n para extinguir el fuego que se hab\u00eda generado en un veh\u00edculo estacionado. La Polic\u00eda investiga el episodio ya que \u201clos damnificados aseguran que el auto estaba sin bater\u00eda y sin funcionar\u201d. Las sospechas recaen sobre la intencionalidad [&hellip;]<\/p>\n","protected":false},"author":4,"featured_media":35522,"comment_status":"open","ping_status":"closed","sticky":false,"template":"","format":"standard","meta":{"om_disable_all_campaigns":false,"_jetpack_memberships_contains_paid_content":false,"footnotes":""},"categories":[621],"tags":[],"class_list":["post-35521","post","type-post","status-publish","format-standard","has-post-thumbnail","hentry","category-regionales"],"aioseo_notices":[],"gutentor_comment":0,"jetpack_featured_media_url":"https:\/\/eldiariodesanpedro.com.ar\/sitio\/wp-content\/uploads\/2018\/06\/baradero-incendio-de-un-auto.jpg","jetpack_shortlink":"https:\/\/wp.me\/p6RhLt-9eV","jetpack_sharing_enabled":true,"_links":{"self":[{"href":"https:\/\/eldiariodesanpedro.com.ar\/sitio\/wp-json\/wp\/v2\/posts\/35521","targetHints":{"allow":["GET"]}}],"collection":[{"href":"https:\/\/eldiariodesanpedro.com.ar\/sitio\/wp-json\/wp\/v2\/posts"}],"about":[{"href":"https:\/\/eldiariodesanpedro.com.ar\/sitio\/wp-json\/wp\/v2\/types\/post"}],"author":[{"embeddable":true,"href":"https:\/\/eldiariodesanpedro.com.ar\/sitio\/wp-json\/wp\/v2\/users\/4"}],"replies":[{"embeddable":true,"href":"https:\/\/eldiariodesanpedro.com.ar\/sitio\/wp-json\/wp\/v2\/comments?post=35521"}],"version-history":[{"count":1,"href":"https:\/\/eldiariodesanpedro.com.ar\/sitio\/wp-json\/wp\/v2\/posts\/35521\/revisions"}],"predecessor-version":[{"id":35524,"href":"https:\/\/eldiariodesanpedro.com.ar\/sitio\/wp-json\/wp\/v2\/posts\/35521\/revisions\/35524"}],"wp:featuredmedia":[{"embeddable":true,"href":"https:\/\/eldiariodesanpedro.com.ar\/sitio\/wp-json\/wp\/v2\/media\/35522"}],"wp:attachment":[{"href":"https:\/\/eldiariodesanpedro.com.ar\/sitio\/wp-json\/wp\/v2\/media?parent=35521"}],"wp:term":[{"taxonomy":"category","embeddable":true,"href":"https:\/\/eldiariodesanpedro.com.ar\/sitio\/wp-json\/wp\/v2\/categories?post=35521"},{"taxonomy":"post_tag","embeddable":true,"href":"https:\/\/eldiariodesanpedro.com.ar\/sitio\/wp-json\/wp\/v2\/tags?post=35521"}],"curies":[{"name":"wp","href":"https:\/\/api.w.org\/{rel}","templated":true}]}}