{"id":35518,"date":"2018-06-28T20:54:15","date_gmt":"2018-06-28T23:54:15","guid":{"rendered":"https:\/\/eldiariodesanpedro.com.ar\/sitio\/?p=35518"},"modified":"2018-06-28T20:54:15","modified_gmt":"2018-06-28T23:54:15","slug":"baradero-salio-a-cazar-liebres-con-un-amigo-y-lo-encontraron-muerto","status":"publish","type":"post","link":"https:\/\/eldiariodesanpedro.com.ar\/sitio\/baradero-salio-a-cazar-liebres-con-un-amigo-y-lo-encontraron-muerto\/","title":{"rendered":"BARADERO: Sali\u00f3 a cazar liebres con un amigo y lo encontraron muerto"},"content":{"rendered":"<p><!-- VideographyWP Plugin Message: Automatic video embedding prevented by plugin options. --><br \/>\n  Este mi\u00e9rcoles, dos amigos de Lima hab\u00edan salido a cazar liebres a un campo situado en camino a Baradero. En un momento de la recorrida ambos se separaron y no pudieron volver a encontrarse. Transcurridas varias horas y al no tener noticias se dio aviso al Comando Rural, Comisar\u00eda 2da y Bomberos Voluntarios de Lima, adem\u00e1s de la Brigada de rescate K9 con dos canes (uno especializado para encontrar personas vivas y otro para hallar fallecidos).<\/p>\n<p>  Cerca de la medianoche se logr\u00f3 ubicar a N\u00e9stor Fabi\u00e1n Dom\u00ednguez, de 23 a\u00f1os, con su cabeza sumergida en un bebedero de animales, presumi\u00e9ndose que recibi\u00f3 una descarga el\u00e9ctrica de un boyero.<br \/>\n  Las pericias estuvieron a cargo de Polic\u00eda Cient\u00edfica.<\/p>\n<p>Fuente: Enlace Cr\u00edtico<\/p>\n","protected":false},"excerpt":{"rendered":"<p>Este mi\u00e9rcoles, dos amigos de Lima hab\u00edan salido a cazar liebres a un campo situado en camino a Baradero. En un momento de la recorrida ambos se separaron y no pudieron volver a encontrarse. Transcurridas varias horas y al no tener noticias se dio aviso al Comando Rural, Comisar\u00eda 2da y Bomberos Voluntarios de Lima, [&hellip;]<\/p>\n","protected":false},"author":4,"featured_media":35519,"comment_status":"open","ping_status":"closed","sticky":false,"template":"","format":"standard","meta":{"om_disable_all_campaigns":false,"_jetpack_memberships_contains_paid_content":false,"footnotes":""},"categories":[621],"tags":[],"class_list":["post-35518","post","type-post","status-publish","format-standard","has-post-thumbnail","hentry","category-regionales"],"aioseo_notices":[],"gutentor_comment":0,"jetpack_featured_media_url":"https:\/\/eldiariodesanpedro.com.ar\/sitio\/wp-content\/uploads\/2018\/06\/policia-cientifica-2.jpg","jetpack_shortlink":"https:\/\/wp.me\/p6RhLt-9eS","jetpack_sharing_enabled":true,"_links":{"self":[{"href":"https:\/\/eldiariodesanpedro.com.ar\/sitio\/wp-json\/wp\/v2\/posts\/35518","targetHints":{"allow":["GET"]}}],"collection":[{"href":"https:\/\/eldiariodesanpedro.com.ar\/sitio\/wp-json\/wp\/v2\/posts"}],"about":[{"href":"https:\/\/eldiariodesanpedro.com.ar\/sitio\/wp-json\/wp\/v2\/types\/post"}],"author":[{"embeddable":true,"href":"https:\/\/eldiariodesanpedro.com.ar\/sitio\/wp-json\/wp\/v2\/users\/4"}],"replies":[{"embeddable":true,"href":"https:\/\/eldiariodesanpedro.com.ar\/sitio\/wp-json\/wp\/v2\/comments?post=35518"}],"version-history":[{"count":1,"href":"https:\/\/eldiariodesanpedro.com.ar\/sitio\/wp-json\/wp\/v2\/posts\/35518\/revisions"}],"predecessor-version":[{"id":35520,"href":"https:\/\/eldiariodesanpedro.com.ar\/sitio\/wp-json\/wp\/v2\/posts\/35518\/revisions\/35520"}],"wp:featuredmedia":[{"embeddable":true,"href":"https:\/\/eldiariodesanpedro.com.ar\/sitio\/wp-json\/wp\/v2\/media\/35519"}],"wp:attachment":[{"href":"https:\/\/eldiariodesanpedro.com.ar\/sitio\/wp-json\/wp\/v2\/media?parent=35518"}],"wp:term":[{"taxonomy":"category","embeddable":true,"href":"https:\/\/eldiariodesanpedro.com.ar\/sitio\/wp-json\/wp\/v2\/categories?post=35518"},{"taxonomy":"post_tag","embeddable":true,"href":"https:\/\/eldiariodesanpedro.com.ar\/sitio\/wp-json\/wp\/v2\/tags?post=35518"}],"curies":[{"name":"wp","href":"https:\/\/api.w.org\/{rel}","templated":true}]}}