{"id":35514,"date":"2018-06-28T20:51:49","date_gmt":"2018-06-28T23:51:49","guid":{"rendered":"https:\/\/eldiariodesanpedro.com.ar\/sitio\/?p=35514"},"modified":"2018-06-28T20:51:49","modified_gmt":"2018-06-28T23:51:49","slug":"san-nicolas-detuvieron-a-individuo-que-acosa-a-una-menor","status":"publish","type":"post","link":"https:\/\/eldiariodesanpedro.com.ar\/sitio\/san-nicolas-detuvieron-a-individuo-que-acosa-a-una-menor\/","title":{"rendered":"SAN NICOL\u00c1S: Detuvieron a individuo que acosa a una menor"},"content":{"rendered":"<p><!-- VideographyWP Plugin Message: Automatic video embedding prevented by plugin options. --><br \/>\nAyer, a ra\u00edz de un llamado al 911, personal policial aprehendi\u00f3 a un sujeto oriundo de Rosario que acosaba a una menor persigui\u00e9ndola por la calle, dici\u00e9ndole obscenidades y, aparentemente, tratando de manosearla. Fue imputado por \u201cabuso sexual simple y amenazas\u201d.<\/p>\n<p>  Fue a ra\u00edz de un llamado al 911 que personal policial tom\u00f3 conocimiento que en Avenida Presidente Per\u00f3n y Semorile, un sujeto habr\u00eda intentado abusar de una joven de 16 a\u00f1os, a quien hab\u00eda agarrado fuertemente de la mano y proferido todo tipo de obscenidades. El hombre segu\u00eda a la joven insistentemente, muy de cerca, molestando a la v\u00edctima con dichos inapropiados. A la llegada de los agentes, identificaron al acosador y procedieron a su aprehensi\u00f3n, de 23 a\u00f1os, oriundo de Rosario. Se labraron actuaciones bajo car\u00e1tula \u201cAbuso sexual simple, amenazas\u201d, con intervenci\u00f3n de la UFI N\u00b0 3 del Departamento Judicial San Nicol\u00e1s. <\/p>\n<p><strong>Amenazas<\/strong><br \/>\n  En calle Espa\u00f1a y Santiago del Estero, agentes del orden procedieron a la aprehensi\u00f3n de un muchacho de 21 a\u00f1os, quien instantes antes se hizo presente en un domicilio ubicado en calle Necochea a la altura del 1000 y, portando un arma blanca, profiri\u00f3 amenazas de muerte a un sujeto de 29 a\u00f1os y a una mujer de 26. Se labraron actuaciones bajo car\u00e1tula \u201cAmenazas calificadas\u201d, con intervenci\u00f3n de la UFI N\u00b0 3 del Departamento Judicial San Nicol\u00e1s. <\/p>\n<p><strong>Entre mujeres<\/strong><br \/>\n En calle Baldrich al 1700, personal policial procedi\u00f3 a la aprehensi\u00f3n de una mujer de 30 a\u00f1os, quien instantes antes hab\u00eda mantenido una discusi\u00f3n y proferido todo tipo de insultos y amenazas hacia otra de 32 a\u00f1os. Se labraron actuaciones bajo car\u00e1tula \u201cAmenazas\u201d, con intervenci\u00f3n de la UFI N\u00b0 3 del Departamento Judicial San Nicol\u00e1s.<\/p>\n","protected":false},"excerpt":{"rendered":"<p>Ayer, a ra\u00edz de un llamado al 911, personal policial aprehendi\u00f3 a un sujeto oriundo de Rosario que acosaba a una menor persigui\u00e9ndola por la calle, dici\u00e9ndole obscenidades y, aparentemente, tratando de manosearla. Fue imputado por \u201cabuso sexual simple y amenazas\u201d. Fue a ra\u00edz de un llamado al 911 que personal policial tom\u00f3 conocimiento que [&hellip;]<\/p>\n","protected":false},"author":4,"featured_media":35516,"comment_status":"open","ping_status":"closed","sticky":false,"template":"","format":"standard","meta":{"om_disable_all_campaigns":false,"_jetpack_memberships_contains_paid_content":false,"footnotes":""},"categories":[621],"tags":[],"class_list":["post-35514","post","type-post","status-publish","format-standard","has-post-thumbnail","hentry","category-regionales"],"aioseo_notices":[],"gutentor_comment":0,"jetpack_featured_media_url":"https:\/\/eldiariodesanpedro.com.ar\/sitio\/wp-content\/uploads\/2018\/06\/abuso-sexual-amenazas.jpg","jetpack_shortlink":"https:\/\/wp.me\/p6RhLt-9eO","jetpack_sharing_enabled":true,"_links":{"self":[{"href":"https:\/\/eldiariodesanpedro.com.ar\/sitio\/wp-json\/wp\/v2\/posts\/35514","targetHints":{"allow":["GET"]}}],"collection":[{"href":"https:\/\/eldiariodesanpedro.com.ar\/sitio\/wp-json\/wp\/v2\/posts"}],"about":[{"href":"https:\/\/eldiariodesanpedro.com.ar\/sitio\/wp-json\/wp\/v2\/types\/post"}],"author":[{"embeddable":true,"href":"https:\/\/eldiariodesanpedro.com.ar\/sitio\/wp-json\/wp\/v2\/users\/4"}],"replies":[{"embeddable":true,"href":"https:\/\/eldiariodesanpedro.com.ar\/sitio\/wp-json\/wp\/v2\/comments?post=35514"}],"version-history":[{"count":1,"href":"https:\/\/eldiariodesanpedro.com.ar\/sitio\/wp-json\/wp\/v2\/posts\/35514\/revisions"}],"predecessor-version":[{"id":35517,"href":"https:\/\/eldiariodesanpedro.com.ar\/sitio\/wp-json\/wp\/v2\/posts\/35514\/revisions\/35517"}],"wp:featuredmedia":[{"embeddable":true,"href":"https:\/\/eldiariodesanpedro.com.ar\/sitio\/wp-json\/wp\/v2\/media\/35516"}],"wp:attachment":[{"href":"https:\/\/eldiariodesanpedro.com.ar\/sitio\/wp-json\/wp\/v2\/media?parent=35514"}],"wp:term":[{"taxonomy":"category","embeddable":true,"href":"https:\/\/eldiariodesanpedro.com.ar\/sitio\/wp-json\/wp\/v2\/categories?post=35514"},{"taxonomy":"post_tag","embeddable":true,"href":"https:\/\/eldiariodesanpedro.com.ar\/sitio\/wp-json\/wp\/v2\/tags?post=35514"}],"curies":[{"name":"wp","href":"https:\/\/api.w.org\/{rel}","templated":true}]}}