{"id":3551,"date":"2016-04-21T19:20:02","date_gmt":"2016-04-21T22:20:02","guid":{"rendered":"https:\/\/eldiariodesanpedro.com.ar\/sitio\/?p=3551"},"modified":"2016-04-21T19:20:02","modified_gmt":"2016-04-21T22:20:02","slug":"bebe-gravemente-herido-en-accidente-de-transito","status":"publish","type":"post","link":"https:\/\/eldiariodesanpedro.com.ar\/sitio\/bebe-gravemente-herido-en-accidente-de-transito\/","title":{"rendered":"Beb\u00e9 gravemente herido en accidente de transito"},"content":{"rendered":"<p><!-- VideographyWP Plugin Message: Automatic video embedding prevented by plugin options. --><br \/>\nEl siniestro ocurri\u00f3 ayer en 11 de Septiembre y Casella entre un autom\u00f3vil y una moto, lamentablemente un beb\u00e9 de 8 meses sufri\u00f3 consecuencias graves.<br \/>\nEl padre del ni\u00f1o y conductor del rodado menor, expres\u00f3 a \u201cEl Diario de San Pedro\u201d tras el siniestro: \u201c\u00cdbamos cruzando y el auto no nos vi\u00f3 y nos agarr\u00f3 justo a la mitad. Mi mujer con el nene iban a atr\u00e1s, los llevaron a la Guardia y ahora estamos esperando a lo peritos\u201d.<br \/>\nSin embargo a\u00fan no sab\u00eda los detalles del estado de salud del menor. Seg\u00fan se pudo constatar fue derivado de urgencia a La Plata en un delicado estado de salud como consecuencia de una fractura de cr\u00e1neo y un hematoma subdural.<br \/>\nLamentablemente hay que mencionar que no llevaban ning\u00fan tipo de protecci\u00f3n, ninguno de los ocupantes.<\/p>\n<div data-carousel-extra='{&quot;blog_id&quot;:1,&quot;permalink&quot;:&quot;https:\/\/eldiariodesanpedro.com.ar\/sitio\/bebe-gravemente-herido-en-accidente-de-transito\/&quot;}' id='gallery-1' class='gallery galleryid-3551 gallery-columns-2 gallery-size-large'><figure class='gallery-item'>\n\t\t\t<div class='gallery-icon landscape'>\n\t\t\t\t<a href='https:\/\/eldiariodesanpedro.com.ar\/sitio\/bebe-gravemente-herido-en-accidente-de-transito\/3-5\/'><img decoding=\"async\" width=\"640\" height=\"360\" data-src=\"https:\/\/eldiariodesanpedro.com.ar\/sitio\/wp-content\/uploads\/2016\/04\/3-2-1024x576.jpg\" class=\"attachment-large size-large lazyload\" alt=\"El Diario de San Pedro | Noticias locales y regionales\" data-srcset=\"https:\/\/eldiariodesanpedro.com.ar\/sitio\/wp-content\/uploads\/2016\/04\/3-2-1024x576.jpg 1024w, https:\/\/eldiariodesanpedro.com.ar\/sitio\/wp-content\/uploads\/2016\/04\/3-2-300x169.jpg 300w, https:\/\/eldiariodesanpedro.com.ar\/sitio\/wp-content\/uploads\/2016\/04\/3-2-768x432.jpg 768w, https:\/\/eldiariodesanpedro.com.ar\/sitio\/wp-content\/uploads\/2016\/04\/3-2.jpg 1040w\" data-sizes=\"(max-width: 640px) 100vw, 640px\" data-attachment-id=\"3553\" data-permalink=\"https:\/\/eldiariodesanpedro.com.ar\/sitio\/bebe-gravemente-herido-en-accidente-de-transito\/3-5\/\" data-orig-file=\"https:\/\/eldiariodesanpedro.com.ar\/sitio\/wp-content\/uploads\/2016\/04\/3-2.jpg\" data-orig-size=\"1040,585\" data-comments-opened=\"1\" data-image-meta=\"{&quot;aperture&quot;:&quot;0&quot;,&quot;credit&quot;:&quot;&quot;,&quot;camera&quot;:&quot;&quot;,&quot;caption&quot;:&quot;&quot;,&quot;created_timestamp&quot;:&quot;0&quot;,&quot;copyright&quot;:&quot;&quot;,&quot;focal_length&quot;:&quot;0&quot;,&quot;iso&quot;:&quot;0&quot;,&quot;shutter_speed&quot;:&quot;0&quot;,&quot;title&quot;:&quot;&quot;,&quot;orientation&quot;:&quot;0&quot;}\" data-image-title=\"3\" data-image-description=\"\" data-image-caption=\"\" data-large-file=\"https:\/\/eldiariodesanpedro.com.ar\/sitio\/wp-content\/uploads\/2016\/04\/3-2-1024x576.jpg\" src=\"data:image\/svg+xml;base64,PHN2ZyB3aWR0aD0iMSIgaGVpZ2h0PSIxIiB4bWxucz0iaHR0cDovL3d3dy53My5vcmcvMjAwMC9zdmciPjwvc3ZnPg==\" style=\"--smush-placeholder-width: 640px; --smush-placeholder-aspect-ratio: 640\/360;\" \/><\/a>\n\t\t\t<\/div><\/figure><figure class='gallery-item'>\n\t\t\t<div class='gallery-icon landscape'>\n\t\t\t\t<a href='https:\/\/eldiariodesanpedro.com.ar\/sitio\/bebe-gravemente-herido-en-accidente-de-transito\/4-2\/'><img decoding=\"async\" width=\"640\" height=\"360\" data-src=\"https:\/\/eldiariodesanpedro.com.ar\/sitio\/wp-content\/uploads\/2016\/04\/4-1-1024x576.jpg\" class=\"attachment-large size-large lazyload\" alt=\"El Diario de San Pedro | Noticias locales y regionales\" data-srcset=\"https:\/\/eldiariodesanpedro.com.ar\/sitio\/wp-content\/uploads\/2016\/04\/4-1-1024x576.jpg 1024w, https:\/\/eldiariodesanpedro.com.ar\/sitio\/wp-content\/uploads\/2016\/04\/4-1-300x169.jpg 300w, https:\/\/eldiariodesanpedro.com.ar\/sitio\/wp-content\/uploads\/2016\/04\/4-1-768x432.jpg 768w, https:\/\/eldiariodesanpedro.com.ar\/sitio\/wp-content\/uploads\/2016\/04\/4-1.jpg 1040w\" data-sizes=\"(max-width: 640px) 100vw, 640px\" data-attachment-id=\"3554\" data-permalink=\"https:\/\/eldiariodesanpedro.com.ar\/sitio\/bebe-gravemente-herido-en-accidente-de-transito\/4-2\/\" data-orig-file=\"https:\/\/eldiariodesanpedro.com.ar\/sitio\/wp-content\/uploads\/2016\/04\/4-1.jpg\" data-orig-size=\"1040,585\" data-comments-opened=\"1\" data-image-meta=\"{&quot;aperture&quot;:&quot;0&quot;,&quot;credit&quot;:&quot;&quot;,&quot;camera&quot;:&quot;&quot;,&quot;caption&quot;:&quot;&quot;,&quot;created_timestamp&quot;:&quot;0&quot;,&quot;copyright&quot;:&quot;&quot;,&quot;focal_length&quot;:&quot;0&quot;,&quot;iso&quot;:&quot;0&quot;,&quot;shutter_speed&quot;:&quot;0&quot;,&quot;title&quot;:&quot;&quot;,&quot;orientation&quot;:&quot;0&quot;}\" data-image-title=\"4\" data-image-description=\"\" data-image-caption=\"\" data-large-file=\"https:\/\/eldiariodesanpedro.com.ar\/sitio\/wp-content\/uploads\/2016\/04\/4-1-1024x576.jpg\" src=\"data:image\/svg+xml;base64,PHN2ZyB3aWR0aD0iMSIgaGVpZ2h0PSIxIiB4bWxucz0iaHR0cDovL3d3dy53My5vcmcvMjAwMC9zdmciPjwvc3ZnPg==\" style=\"--smush-placeholder-width: 640px; --smush-placeholder-aspect-ratio: 640\/360;\" \/><\/a>\n\t\t\t<\/div><\/figure>\n\t\t<\/div>\n\n","protected":false},"excerpt":{"rendered":"<p>El siniestro ocurri\u00f3 ayer en 11 de Septiembre y Casella entre un autom\u00f3vil y una moto, lamentablemente un beb\u00e9 de 8 meses sufri\u00f3 consecuencias graves. El padre del ni\u00f1o y conductor del rodado menor, expres\u00f3 a \u201cEl Diario de San Pedro\u201d tras el siniestro: \u201c\u00cdbamos cruzando y el auto no nos vi\u00f3 y nos agarr\u00f3 [&hellip;]<\/p>\n","protected":false},"author":4,"featured_media":3552,"comment_status":"open","ping_status":"closed","sticky":false,"template":"","format":"standard","meta":{"om_disable_all_campaigns":false,"_jetpack_memberships_contains_paid_content":false,"footnotes":""},"categories":[50,2,103],"tags":[24,617,618,619],"class_list":["post-3551","post","type-post","status-publish","format-standard","has-post-thumbnail","hentry","category-destacadas","category-locales","category-policiales-locales","tag-accidente","tag-bebe","tag-herido","tag-transito"],"aioseo_notices":[],"gutentor_comment":0,"jetpack_featured_media_url":"https:\/\/eldiariodesanpedro.com.ar\/sitio\/wp-content\/uploads\/2016\/04\/PAGINA-3-5.jpg","jetpack_shortlink":"https:\/\/wp.me\/p6RhLt-Vh","jetpack_sharing_enabled":true,"_links":{"self":[{"href":"https:\/\/eldiariodesanpedro.com.ar\/sitio\/wp-json\/wp\/v2\/posts\/3551","targetHints":{"allow":["GET"]}}],"collection":[{"href":"https:\/\/eldiariodesanpedro.com.ar\/sitio\/wp-json\/wp\/v2\/posts"}],"about":[{"href":"https:\/\/eldiariodesanpedro.com.ar\/sitio\/wp-json\/wp\/v2\/types\/post"}],"author":[{"embeddable":true,"href":"https:\/\/eldiariodesanpedro.com.ar\/sitio\/wp-json\/wp\/v2\/users\/4"}],"replies":[{"embeddable":true,"href":"https:\/\/eldiariodesanpedro.com.ar\/sitio\/wp-json\/wp\/v2\/comments?post=3551"}],"version-history":[{"count":1,"href":"https:\/\/eldiariodesanpedro.com.ar\/sitio\/wp-json\/wp\/v2\/posts\/3551\/revisions"}],"predecessor-version":[{"id":3555,"href":"https:\/\/eldiariodesanpedro.com.ar\/sitio\/wp-json\/wp\/v2\/posts\/3551\/revisions\/3555"}],"wp:featuredmedia":[{"embeddable":true,"href":"https:\/\/eldiariodesanpedro.com.ar\/sitio\/wp-json\/wp\/v2\/media\/3552"}],"wp:attachment":[{"href":"https:\/\/eldiariodesanpedro.com.ar\/sitio\/wp-json\/wp\/v2\/media?parent=3551"}],"wp:term":[{"taxonomy":"category","embeddable":true,"href":"https:\/\/eldiariodesanpedro.com.ar\/sitio\/wp-json\/wp\/v2\/categories?post=3551"},{"taxonomy":"post_tag","embeddable":true,"href":"https:\/\/eldiariodesanpedro.com.ar\/sitio\/wp-json\/wp\/v2\/tags?post=3551"}],"curies":[{"name":"wp","href":"https:\/\/api.w.org\/{rel}","templated":true}]}}