{"id":35506,"date":"2018-06-28T20:44:02","date_gmt":"2018-06-28T23:44:02","guid":{"rendered":"https:\/\/eldiariodesanpedro.com.ar\/sitio\/?p=35506"},"modified":"2018-06-28T20:44:02","modified_gmt":"2018-06-28T23:44:02","slug":"salazar-confirmo-que-los-sueldos-y-aguinaldos-se-pagaran-sin-ayuda-de-la-provincia","status":"publish","type":"post","link":"https:\/\/eldiariodesanpedro.com.ar\/sitio\/salazar-confirmo-que-los-sueldos-y-aguinaldos-se-pagaran-sin-ayuda-de-la-provincia\/","title":{"rendered":"Salazar confirm\u00f3 que los sueldos y aguinaldos se pagar\u00e1n sin ayuda de la Provincia"},"content":{"rendered":"<p><!-- VideographyWP Plugin Message: Automatic video embedding prevented by plugin options. --><br \/>\nEl Intendente recorri\u00f3 las obras de asfaltado de calles y adelant\u00f3 que por primera vez en su gesti\u00f3n no depender\u00e1n del gobierno provincial para el pago de los sueldos. Tambi\u00e9n se\u00f1al\u00f3 que descontar\u00e1n el d\u00eda a los municipales que pararon el pasado lunes.<\/p>\n<p>  El Intendente recorri\u00f3 las obras de asfaltado de calles y adelant\u00f3 que por primera vez en su gesti\u00f3n no depender\u00e1n del gobierno provincial para el pago de haberes. Tambi\u00e9n se\u00f1al\u00f3 que descontar\u00e1n el d\u00eda a los municipales que pararon el pasado lunes.<\/p>\n<p>  En su visita a los barrios, recorri\u00f3 junto a parte de su gabinete las calles que se est\u00e1n asfaltando. All\u00ed, el Intendente municipal habl\u00f3 de varios temas, pero entre los m\u00e1s salientes confirm\u00f3 que este a\u00f1o los trabajadores percibir\u00e1n sus haberes, sueldos y aguinaldos como corresponde a pesar de la delicada situaci\u00f3n econ\u00f3mica que atraviesa el Municipio y sin tener que recurrir a la Provincia.  <\/p>\n<p>  \u201cHay problemas, obviamente que hay problemas, que la econom\u00eda es complicada, que esta coyuntura es complicada, pero estoy con toda la confianza de que vamos a salir adelante\u201d, dijo ante los medios.<\/p>\n<p>  \u201cNosotros por primera vez en nuestra gesti\u00f3n vamos a pagar los sueldos y los aguinaldos sin ayuda de la Provincia y eso es un gran m\u00e9rito\u201d, adelant\u00f3 Salazar.<\/p>\n<p>  \u201cSe los pagar\u00e1 en t\u00e9rmino como corresponde\u201d. \u201cEso es lo que va a suceder y los empleados lo tienen que saber\u201d.<br \/>\n  A su vez tambi\u00e9n confirm\u00f3 que a los trabajadores que hicieron paro el lunes pasado se les descontar\u00e1 el d\u00eda porque \u201csi bien es constitucional el derecho a huelga tambi\u00e9n el Municipio tiene el derecho de descontar el d\u00eda a los que no trabajaron\u201d, dijo. Y aprovech\u00f3 la oportunidad para referirse a la denuncia radicada por la ex concejal Cecilia V\u00e1zquez, quien entre otros puntos manifest\u00f3 que hab\u00eda calles que se pavimentaron dos veces. \u201cPueden investigar lo que quieran, la justicia lo va a determinar claramente\u201d, dijo. \u201cNosotros hemos cumplido con todo porque el dinero que nos enviaron ha sido utilizado como corresponde\u201d.<\/p>\n<p>  \u201cEntiendo que est\u00e1n complicados y que tienen abstinencia de poder y creo que lo van a tener bastante tiempo m\u00e1s y eso los desespera\u201d, refiri\u00f3.<\/p>\n<p>  \u201cQue prueben trabajando que tambi\u00e9n se puede vivir afuera de la pol\u00edtica\u201d.<\/p>\n<p>Fuente: San Pedro Informa<\/p>\n","protected":false},"excerpt":{"rendered":"<p>El Intendente recorri\u00f3 las obras de asfaltado de calles y adelant\u00f3 que por primera vez en su gesti\u00f3n no depender\u00e1n del gobierno provincial para el pago de los sueldos. Tambi\u00e9n se\u00f1al\u00f3 que descontar\u00e1n el d\u00eda a los municipales que pararon el pasado lunes. El Intendente recorri\u00f3 las obras de asfaltado de calles y adelant\u00f3 que [&hellip;]<\/p>\n","protected":false},"author":4,"featured_media":35509,"comment_status":"open","ping_status":"closed","sticky":false,"template":"","format":"standard","meta":{"om_disable_all_campaigns":false,"_jetpack_memberships_contains_paid_content":false,"footnotes":""},"categories":[2,102],"tags":[],"class_list":["post-35506","post","type-post","status-publish","format-standard","has-post-thumbnail","hentry","category-locales","category-politica-locales"],"aioseo_notices":[],"gutentor_comment":0,"jetpack_featured_media_url":"https:\/\/eldiariodesanpedro.com.ar\/sitio\/wp-content\/uploads\/2018\/06\/El-Intendente-en-su-recorrida.jpg","jetpack_shortlink":"https:\/\/wp.me\/p6RhLt-9eG","jetpack_sharing_enabled":true,"_links":{"self":[{"href":"https:\/\/eldiariodesanpedro.com.ar\/sitio\/wp-json\/wp\/v2\/posts\/35506","targetHints":{"allow":["GET"]}}],"collection":[{"href":"https:\/\/eldiariodesanpedro.com.ar\/sitio\/wp-json\/wp\/v2\/posts"}],"about":[{"href":"https:\/\/eldiariodesanpedro.com.ar\/sitio\/wp-json\/wp\/v2\/types\/post"}],"author":[{"embeddable":true,"href":"https:\/\/eldiariodesanpedro.com.ar\/sitio\/wp-json\/wp\/v2\/users\/4"}],"replies":[{"embeddable":true,"href":"https:\/\/eldiariodesanpedro.com.ar\/sitio\/wp-json\/wp\/v2\/comments?post=35506"}],"version-history":[{"count":1,"href":"https:\/\/eldiariodesanpedro.com.ar\/sitio\/wp-json\/wp\/v2\/posts\/35506\/revisions"}],"predecessor-version":[{"id":35510,"href":"https:\/\/eldiariodesanpedro.com.ar\/sitio\/wp-json\/wp\/v2\/posts\/35506\/revisions\/35510"}],"wp:featuredmedia":[{"embeddable":true,"href":"https:\/\/eldiariodesanpedro.com.ar\/sitio\/wp-json\/wp\/v2\/media\/35509"}],"wp:attachment":[{"href":"https:\/\/eldiariodesanpedro.com.ar\/sitio\/wp-json\/wp\/v2\/media?parent=35506"}],"wp:term":[{"taxonomy":"category","embeddable":true,"href":"https:\/\/eldiariodesanpedro.com.ar\/sitio\/wp-json\/wp\/v2\/categories?post=35506"},{"taxonomy":"post_tag","embeddable":true,"href":"https:\/\/eldiariodesanpedro.com.ar\/sitio\/wp-json\/wp\/v2\/tags?post=35506"}],"curies":[{"name":"wp","href":"https:\/\/api.w.org\/{rel}","templated":true}]}}