{"id":35504,"date":"2018-06-28T20:43:00","date_gmt":"2018-06-28T23:43:00","guid":{"rendered":"https:\/\/eldiariodesanpedro.com.ar\/sitio\/?p=35504"},"modified":"2018-06-28T20:43:00","modified_gmt":"2018-06-28T23:43:00","slug":"un-nuevo-buque-arribo-al-puerto-de-san-pedro","status":"publish","type":"post","link":"https:\/\/eldiariodesanpedro.com.ar\/sitio\/un-nuevo-buque-arribo-al-puerto-de-san-pedro\/","title":{"rendered":"Un nuevo buque arrib\u00f3 al Puerto de San Pedro"},"content":{"rendered":"<p><!-- VideographyWP Plugin Message: Automatic video embedding prevented by plugin options. --><br \/>\n  Desde el Consorcio de Gesti\u00f3n del Puerto San Pedro se comunica el arribo en el d\u00eda de ayer, de un buque denominado \u201cBaltic Heather\u201d de bandera liberiana.<\/p>\n<p>  El barco de 149.92 metros de eslora, procede de Z\u00e1rate y operar\u00e1 en el muelle cabecera, en donde cargar\u00e1 5500 pallets de c\u00edtricos aproximadamente con destino a Rusia.<\/p>\n","protected":false},"excerpt":{"rendered":"<p>Desde el Consorcio de Gesti\u00f3n del Puerto San Pedro se comunica el arribo en el d\u00eda de ayer, de un buque denominado \u201cBaltic Heather\u201d de bandera liberiana. El barco de 149.92 metros de eslora, procede de Z\u00e1rate y operar\u00e1 en el muelle cabecera, en donde cargar\u00e1 5500 pallets de c\u00edtricos aproximadamente con destino a Rusia.<\/p>\n","protected":false},"author":4,"featured_media":35507,"comment_status":"open","ping_status":"closed","sticky":false,"template":"","format":"standard","meta":{"om_disable_all_campaigns":false,"_jetpack_memberships_contains_paid_content":false,"footnotes":""},"categories":[101,2],"tags":[],"class_list":["post-35504","post","type-post","status-publish","format-standard","has-post-thumbnail","hentry","category-interes-general-locales","category-locales"],"aioseo_notices":[],"gutentor_comment":0,"jetpack_featured_media_url":"https:\/\/eldiariodesanpedro.com.ar\/sitio\/wp-content\/uploads\/2018\/06\/baltic-heather.jpg","jetpack_shortlink":"https:\/\/wp.me\/p6RhLt-9eE","jetpack_sharing_enabled":true,"_links":{"self":[{"href":"https:\/\/eldiariodesanpedro.com.ar\/sitio\/wp-json\/wp\/v2\/posts\/35504","targetHints":{"allow":["GET"]}}],"collection":[{"href":"https:\/\/eldiariodesanpedro.com.ar\/sitio\/wp-json\/wp\/v2\/posts"}],"about":[{"href":"https:\/\/eldiariodesanpedro.com.ar\/sitio\/wp-json\/wp\/v2\/types\/post"}],"author":[{"embeddable":true,"href":"https:\/\/eldiariodesanpedro.com.ar\/sitio\/wp-json\/wp\/v2\/users\/4"}],"replies":[{"embeddable":true,"href":"https:\/\/eldiariodesanpedro.com.ar\/sitio\/wp-json\/wp\/v2\/comments?post=35504"}],"version-history":[{"count":1,"href":"https:\/\/eldiariodesanpedro.com.ar\/sitio\/wp-json\/wp\/v2\/posts\/35504\/revisions"}],"predecessor-version":[{"id":35508,"href":"https:\/\/eldiariodesanpedro.com.ar\/sitio\/wp-json\/wp\/v2\/posts\/35504\/revisions\/35508"}],"wp:featuredmedia":[{"embeddable":true,"href":"https:\/\/eldiariodesanpedro.com.ar\/sitio\/wp-json\/wp\/v2\/media\/35507"}],"wp:attachment":[{"href":"https:\/\/eldiariodesanpedro.com.ar\/sitio\/wp-json\/wp\/v2\/media?parent=35504"}],"wp:term":[{"taxonomy":"category","embeddable":true,"href":"https:\/\/eldiariodesanpedro.com.ar\/sitio\/wp-json\/wp\/v2\/categories?post=35504"},{"taxonomy":"post_tag","embeddable":true,"href":"https:\/\/eldiariodesanpedro.com.ar\/sitio\/wp-json\/wp\/v2\/tags?post=35504"}],"curies":[{"name":"wp","href":"https:\/\/api.w.org\/{rel}","templated":true}]}}