{"id":35500,"date":"2018-06-28T20:37:51","date_gmt":"2018-06-28T23:37:51","guid":{"rendered":"https:\/\/eldiariodesanpedro.com.ar\/sitio\/?p=35500"},"modified":"2018-06-28T20:37:51","modified_gmt":"2018-06-28T23:37:51","slug":"asamblea-de-ate-san-pedro-en-el-corralon-municipal","status":"publish","type":"post","link":"https:\/\/eldiariodesanpedro.com.ar\/sitio\/asamblea-de-ate-san-pedro-en-el-corralon-municipal\/","title":{"rendered":"Asamblea de ATE San Pedro en el Corral\u00f3n Municipal"},"content":{"rendered":"<p><!-- VideographyWP Plugin Message: Automatic video embedding prevented by plugin options. --><br \/>\nSe realiz\u00f3 una asamblea en el Corral\u00f3n Municipal Ate San Pedro y el Sindicato \u00danico de Trabajadores Municipales, como resultado de la misma se realizar\u00e1 una nueva asamblea el jueves pr\u00f3ximo para determinar las medidas a tomar por parte de los sindicatos. <\/p>\n<p>  Los reclamos de los trabajadores son entrega en tiempo y forma de las camperas y dem\u00e1s ropa de trabajo, pase a planta permanente de los compa\u00f1eros precarizados de manera de dar cumplimiento con el compromiso asumido por el ejecutivo municipal en su momento, que no se descuente el d\u00eda de paro por tratarse de un derecho constitucional, que se ponga en condiciones aptas de trabajo al parque automotor y la re apertura de paritarias exigiendo un aumento salarial acorde a las estimaciones de inflaci\u00f3n que, seg\u00fan expertos, se encontrar\u00e1 alrededor del 30 % tras el incremento del valor del d\u00f3lar.<\/p>\n","protected":false},"excerpt":{"rendered":"<p>Se realiz\u00f3 una asamblea en el Corral\u00f3n Municipal Ate San Pedro y el Sindicato \u00danico de Trabajadores Municipales, como resultado de la misma se realizar\u00e1 una nueva asamblea el jueves pr\u00f3ximo para determinar las medidas a tomar por parte de los sindicatos. Los reclamos de los trabajadores son entrega en tiempo y forma de las [&hellip;]<\/p>\n","protected":false},"author":4,"featured_media":29299,"comment_status":"open","ping_status":"closed","sticky":false,"template":"","format":"standard","meta":{"om_disable_all_campaigns":false,"_jetpack_memberships_contains_paid_content":false,"footnotes":""},"categories":[101,2],"tags":[],"class_list":["post-35500","post","type-post","status-publish","format-standard","has-post-thumbnail","hentry","category-interes-general-locales","category-locales"],"aioseo_notices":[],"gutentor_comment":0,"jetpack_featured_media_url":"https:\/\/eldiariodesanpedro.com.ar\/sitio\/wp-content\/uploads\/2018\/02\/ate.png","jetpack_shortlink":"https:\/\/wp.me\/p6RhLt-9eA","jetpack_sharing_enabled":true,"_links":{"self":[{"href":"https:\/\/eldiariodesanpedro.com.ar\/sitio\/wp-json\/wp\/v2\/posts\/35500","targetHints":{"allow":["GET"]}}],"collection":[{"href":"https:\/\/eldiariodesanpedro.com.ar\/sitio\/wp-json\/wp\/v2\/posts"}],"about":[{"href":"https:\/\/eldiariodesanpedro.com.ar\/sitio\/wp-json\/wp\/v2\/types\/post"}],"author":[{"embeddable":true,"href":"https:\/\/eldiariodesanpedro.com.ar\/sitio\/wp-json\/wp\/v2\/users\/4"}],"replies":[{"embeddable":true,"href":"https:\/\/eldiariodesanpedro.com.ar\/sitio\/wp-json\/wp\/v2\/comments?post=35500"}],"version-history":[{"count":2,"href":"https:\/\/eldiariodesanpedro.com.ar\/sitio\/wp-json\/wp\/v2\/posts\/35500\/revisions"}],"predecessor-version":[{"id":35505,"href":"https:\/\/eldiariodesanpedro.com.ar\/sitio\/wp-json\/wp\/v2\/posts\/35500\/revisions\/35505"}],"wp:featuredmedia":[{"embeddable":true,"href":"https:\/\/eldiariodesanpedro.com.ar\/sitio\/wp-json\/wp\/v2\/media\/29299"}],"wp:attachment":[{"href":"https:\/\/eldiariodesanpedro.com.ar\/sitio\/wp-json\/wp\/v2\/media?parent=35500"}],"wp:term":[{"taxonomy":"category","embeddable":true,"href":"https:\/\/eldiariodesanpedro.com.ar\/sitio\/wp-json\/wp\/v2\/categories?post=35500"},{"taxonomy":"post_tag","embeddable":true,"href":"https:\/\/eldiariodesanpedro.com.ar\/sitio\/wp-json\/wp\/v2\/tags?post=35500"}],"curies":[{"name":"wp","href":"https:\/\/api.w.org\/{rel}","templated":true}]}}