{"id":35498,"date":"2018-06-28T20:37:07","date_gmt":"2018-06-28T23:37:07","guid":{"rendered":"https:\/\/eldiariodesanpedro.com.ar\/sitio\/?p=35498"},"modified":"2018-06-28T20:37:07","modified_gmt":"2018-06-28T23:37:07","slug":"gastronomia-y-turismo-en-el-circulo-de-suboficiales-de-la-policia","status":"publish","type":"post","link":"https:\/\/eldiariodesanpedro.com.ar\/sitio\/gastronomia-y-turismo-en-el-circulo-de-suboficiales-de-la-policia\/","title":{"rendered":"Gastronom\u00eda y Turismo en el C\u00edrculo de Suboficiales de la Polic\u00eda"},"content":{"rendered":"<p><!-- VideographyWP Plugin Message: Automatic video embedding prevented by plugin options. --><br \/>\nSan Pedro, a trav\u00e9s de la Direcci\u00f3n de Turismo de la Municipalidad y de UTHGRA con su Centro de Formaci\u00f3n Profesional, participa hoy de una demostraci\u00f3n gastron\u00f3mica y exhibici\u00f3n de propuestas tur\u00edsticas de todo el pa\u00eds, organizada por el C\u00edrculo de Suboficiales de la Polic\u00eda Federal. <\/p>\n<p>  En este tipo de actividades que frecuentemente realiza la instituci\u00f3n para acercar a sus miles de afiliados de todo el pa\u00eds propuestas para miniturismo y turismo. Esta jornada sirve para presentar a trav\u00e9s de la gastronom\u00eda, propuestas saladas y dulces, la batata IPOMEA y el calendario para pr\u00f3ximas fiestas como la de Ensaimada y La Naranja de Ombligo que tambi\u00e9n han sido protagonistas de este encuentro en el Sal\u00f3n Auditorio del C\u00edrculo en Avenida Belgrano 2580.<\/p>\n<p>  El evento tiene adem\u00e1s con cobertura televisiva y ser\u00e1 incluido en las acciones de promoci\u00f3n que el C\u00edrculo lleva adelante en todo el pa\u00eds.<\/p>\n","protected":false},"excerpt":{"rendered":"<p>San Pedro, a trav\u00e9s de la Direcci\u00f3n de Turismo de la Municipalidad y de UTHGRA con su Centro de Formaci\u00f3n Profesional, participa hoy de una demostraci\u00f3n gastron\u00f3mica y exhibici\u00f3n de propuestas tur\u00edsticas de todo el pa\u00eds, organizada por el C\u00edrculo de Suboficiales de la Polic\u00eda Federal. En este tipo de actividades que frecuentemente realiza la [&hellip;]<\/p>\n","protected":false},"author":4,"featured_media":35501,"comment_status":"open","ping_status":"closed","sticky":false,"template":"","format":"standard","meta":{"om_disable_all_campaigns":false,"_jetpack_memberships_contains_paid_content":false,"footnotes":""},"categories":[101,2],"tags":[],"class_list":["post-35498","post","type-post","status-publish","format-standard","has-post-thumbnail","hentry","category-interes-general-locales","category-locales"],"aioseo_notices":[],"gutentor_comment":0,"jetpack_featured_media_url":"https:\/\/eldiariodesanpedro.com.ar\/sitio\/wp-content\/uploads\/2018\/06\/Gastronomia.jpg","jetpack_shortlink":"https:\/\/wp.me\/p6RhLt-9ey","jetpack_sharing_enabled":true,"_links":{"self":[{"href":"https:\/\/eldiariodesanpedro.com.ar\/sitio\/wp-json\/wp\/v2\/posts\/35498","targetHints":{"allow":["GET"]}}],"collection":[{"href":"https:\/\/eldiariodesanpedro.com.ar\/sitio\/wp-json\/wp\/v2\/posts"}],"about":[{"href":"https:\/\/eldiariodesanpedro.com.ar\/sitio\/wp-json\/wp\/v2\/types\/post"}],"author":[{"embeddable":true,"href":"https:\/\/eldiariodesanpedro.com.ar\/sitio\/wp-json\/wp\/v2\/users\/4"}],"replies":[{"embeddable":true,"href":"https:\/\/eldiariodesanpedro.com.ar\/sitio\/wp-json\/wp\/v2\/comments?post=35498"}],"version-history":[{"count":1,"href":"https:\/\/eldiariodesanpedro.com.ar\/sitio\/wp-json\/wp\/v2\/posts\/35498\/revisions"}],"predecessor-version":[{"id":35502,"href":"https:\/\/eldiariodesanpedro.com.ar\/sitio\/wp-json\/wp\/v2\/posts\/35498\/revisions\/35502"}],"wp:featuredmedia":[{"embeddable":true,"href":"https:\/\/eldiariodesanpedro.com.ar\/sitio\/wp-json\/wp\/v2\/media\/35501"}],"wp:attachment":[{"href":"https:\/\/eldiariodesanpedro.com.ar\/sitio\/wp-json\/wp\/v2\/media?parent=35498"}],"wp:term":[{"taxonomy":"category","embeddable":true,"href":"https:\/\/eldiariodesanpedro.com.ar\/sitio\/wp-json\/wp\/v2\/categories?post=35498"},{"taxonomy":"post_tag","embeddable":true,"href":"https:\/\/eldiariodesanpedro.com.ar\/sitio\/wp-json\/wp\/v2\/tags?post=35498"}],"curies":[{"name":"wp","href":"https:\/\/api.w.org\/{rel}","templated":true}]}}