{"id":35496,"date":"2018-06-28T20:33:30","date_gmt":"2018-06-28T23:33:30","guid":{"rendered":"https:\/\/eldiariodesanpedro.com.ar\/sitio\/?p=35496"},"modified":"2018-06-28T20:33:30","modified_gmt":"2018-06-28T23:33:30","slug":"la-cgt-regional-san-pedro-baradero-participara-con-una-lista-en-las-elecciones-de-coopser","status":"publish","type":"post","link":"https:\/\/eldiariodesanpedro.com.ar\/sitio\/la-cgt-regional-san-pedro-baradero-participara-con-una-lista-en-las-elecciones-de-coopser\/","title":{"rendered":"La CGT Regional San Pedro Baradero participar\u00e1 con una lista en las elecciones de COOPSER"},"content":{"rendered":"<p><!-- VideographyWP Plugin Message: Automatic video embedding prevented by plugin options. --><br \/>\nLa Lista Azul y Blanca se presentar\u00e1 en las elecciones de la COOPSER el pr\u00f3ximo domingo con el acompa\u00f1amiento de la CGT.<\/p>\n<p>En el marco de estas elecciones para la designaci\u00f3n de delegados que decidir\u00e1n, en unos meses, sobre el nuevo Consejo de Administraci\u00f3n, El Diario de San Pedro estuvo con Julio Montes y Juan Guti\u00e9rrez, 1\u00b0 y 2\u00b0 delegado respectivamente del Distrito 1 de la Lista Azul y Blanca.<\/p>\n<p>  La idea de presentarse en estas elecciones surgi\u00f3 a partir de la realidad de la Coopser que conoc\u00edamos como integrantes de la CGT, explic\u00f3 Montes y dijo \u201cNos preguntamos en muchas oportunidades qu\u00e9 era lo que pasaba en la COOPSER. Entonces debatimos con los compa\u00f1eros de la CGT, nos comprometimos con la problem\u00e1tica y decidimos participar de la vida pol\u00edtica de la Cooperativa, por eso nos presentamos con la Lista Azul y Blanca que est\u00e1 conformada por integrantes de la CGT, comerciantes, empresarios, amas de casa, jubilados\u201d.<br \/>\n  En el caso de Juan Guti\u00e9rrez, reconocido comerciante de la ciudad, se integr\u00f3 en el proyecto desde que le presentaron la propuesta. <\/p>\n<p>  \u201cNosotros tratamos de sumar por lo que pasa a muchos comerciantes, se ven afectados por las altas tarifas en el servicio. Nos sumamos para saber por sobre todas las cosas cu\u00e1nto es el precio del kW, evaluar de qu\u00e9 manera se cobran los m\u00ednimos y los m\u00e1ximos y una vez que tengamos los valores, podremos ver c\u00f3mo aplicar el costo medio para solventar los gastos operativos que tiene la Cooperativa\u201d manifest\u00f3.<\/p>\n<p>  Esta Lista propone ser elegida porque adem\u00e1s de ser una lista representativa de toda la comunidad, asegura que les gustar\u00eda transparentar la gesti\u00f3n y luego, poder ofrecer m\u00e1s y mejores servicios a los socios. Dijeron: \u201cHoy sabemos que han ocurrido hechos lamentables y evitables dentro de la Cooperativa. Como socios, la Coopser tiene que dar soluciones a los socios\u201d.<\/p>\n<p>  Ellos aseguran que es una desinteligencia de la Lista Roja anunciar despidos si la oposici\u00f3n gana las elecciones. Guti\u00e9rrez asegura: \u201cEsa campa\u00f1a es poco inteligente, ser\u00eda descabellado que esta lista que est\u00e1 respaldada por la misma CGT que defiende al trabajador, vaya a tomar esa determinaci\u00f3n. Es meter miedo al personal\u201d. <\/p>\n<p>  Julio Montes agrega: \u201cser\u00eda una contradicci\u00f3n que, como parte de la CGT, entremos a una instituci\u00f3n para echar a los trabajadores, como CGT vamos a seguir valorando el material humano que hay dentro de la Coopser y, que los trabajadores se queden tranquilos que sus conquistas gremiales y las cuestiones legales las van a seguir teniendo como hasta ahora. Nosotros queremos hacer un cambio en la administraci\u00f3n porque hemos visto que en estos \u00faltimos 12 a\u00f1os la Cooperativa pas\u00f3 a estar manejada por un due\u00f1o que maneja todo a discreci\u00f3n, no llega la informaci\u00f3n, la ocultaron; generaron trabas para que quien quisiera competir con ellos no tuviera los elementos ni los tiempos para poder lograrlo. Afortunadamente, con el trabajo de mucha gente que se present\u00f3 a apoyar nuestra propuesta, pudimos presentar delegados para todos los distritos\u201d.<\/p>\n<p><em>  Invitan a la comunidad a votarlos as\u00ed:<\/em><br \/>\n   \u201cVamos a trabajar por San Pedro, para que en la Coopser haya transparencia, principalmente, en la informaci\u00f3n, que se conozcan los recursos que tiene la Cooperativa, qu\u00e9 es lo que se est\u00e1 haciendo, proyectando, toda esa informaci\u00f3n que el socio debe tener porque es part\u00edcipe de la Cooperativa. Nosotros vamos a llevar tranquilidad e informaci\u00f3n permanente al asociado\u201d asever\u00f3 Guti\u00e9rrez.<\/p>\n<p>  \u201cPara llegar necesitamos tu voto. Todas las preocupaciones que tienen como socios de la Cooperativa, nosotros las vamos a plantear. Todas las preguntas que se hacen, las vamos a plantear e investigar dentro de la Coopser. Adem\u00e1s, si llegamos a tener la posibilidad de hacer conducci\u00f3n en la Coopser, vamos a hacer una auditor\u00eda general para ver que pas\u00f3 los \u00faltimos doce a\u00f1os, porque no queremos ser c\u00f3mplices ni part\u00edcipes de ning\u00fan il\u00edcito, que se hagan cargo aquellos que lo hicieron y que llevaron a la Cooperativa a la situaci\u00f3n en la que est\u00e1\u201d finaliz\u00f3 Montes.<\/p>\n<p><strong>DELEGADOS ELECTOS LISTA AZUL y BLANCO<\/strong><\/p>\n<p><strong>DISTRITO 1 CENTRAL<br \/>\nDELEGADOS TITULARES<\/strong><br \/>\n1 Montes Julio (Titular) Cingolani Ignacio H\u00e9ctor (Suplente)<br \/>\n2 Gutierrez Juan Antonio (Titular) Zarzecki Erica Yamila (Suplente)<br \/>\n3 Sind. Trabajadores Municipales (Titular) Leiva Ra\u00fal (Suplente)<br \/>\n4 Dom\u00ednguez Gustavo Ra\u00fal (Titular) Barcel\u00f3 Jorge (Suplente)<br \/>\n5 Sindicato de Choferes (Titular) Sciolla Anal\u00eda Natalia (Suplente)<br \/>\n6 Cagesso Gustavo (Titular) P\u00e9rez Yesica (Suplente)<br \/>\n7 Sindicato Alimentaci\u00f3n (Titular) Garc\u00eda Mirta (Suplente)<br \/>\n8 Tirelli Jos\u00e9 Luis (Titular) Arener Jonatan Andr\u00e9s (Suplente)<br \/>\n9 Montenegro Walter Daniel (Titular) Rodr\u00edguez Roci\u00f3 (Suplente)<br \/>\n10 Montes Mar\u00eda Eugenia (Titular) Ayala Mar\u00eda (Suplente)<br \/>\n11 Ashira S.A (Titular) C\u00e1ceres Susana Graciela (Suplente)<br \/>\n12 Cordobez Bernardo (Titular) Isaac Leiva Olga Vanina (Suplente)<br \/>\n13 Essers Fernando (Titular) Fern\u00e1ndez Carlos (Suplente)<br \/>\n14 M\u00e1rquez Gustavo Javier (Titular) Morales Carlos (Suplente)<br \/>\n15 Heep Jorge Esteban (Titular) Heras M\u00f3nica Claudia (Suplente)<br \/>\n16 Dom\u00ednguez Natalia (Titular) Basualdo Mirta N\u00e9lida (Suplente)<br \/>\n17 Verd\u00f3n Hugo (Titular) Rastelli Teresa Susana (Suplente)<br \/>\n18 C\u00e1ceres Pablo (Titular) Echevarr\u00eda Ignacio (Suplente)<br \/>\n19 Romero Marta (Titular)<br \/>\n20 Rivero Juan M. (Titular)<br \/>\n21 Fern\u00e1ndez Oscar (Titular)<br \/>\n22 Galarza Cristian Maximiliano (Titular)<br \/>\n23 ADMARGUS S.A. (Titular)<br \/>\n24 Duarte Mario (Titular)<br \/>\n25 Albano Rafael (Titular)<br \/>\n26 Dur\u00e1n Cipriano (Titular)<br \/>\n27 Costa Rodolfo Daniel (Titular)<br \/>\n28 Sindicato de los Qu\u00edmicos (Titular)<br \/>\n29 Fern\u00e1ndez Carlos Alberto (Titular)<br \/>\n30 Aballay Reina Nicolasa (Titular)<br \/>\n31 Rodr\u00edguez Karen (Titular)<br \/>\n32 Cabrera Hugo Dar\u00edo (Titular)<br \/>\n33 Acosta Alexis David (Titular)<br \/>\n34 Camacho Rogelio (Titular)<br \/>\n35 Molina Omar Gabriel (Titular)<br \/>\n36 Macchia Mar\u00eda Cecilia (Titular)<br \/>\n37 Castro Cristian (Titular)<br \/>\n38 Oggier Patricia (Titular)<br \/>\n39 Malacalza Edith (Titular)<br \/>\n40 Olivieri Julio Cesar (Titular)<br \/>\n41 Tirao Jos\u00e9 Luis (Titular)<br \/>\n42 Echevarr\u00eda Manuela Ail\u00e9n (Titular)<br \/>\n43 Aguado Porfilio Alejandro (Titular)<\/p>\n<p><strong>DISTRITO 2 <\/strong><br \/>\n1 Esp\u00edndola Fernando (Titular) Jos\u00e9 Gancedo Guido (Suplente)<br \/>\n2 Ben\u00edtez Ra\u00fal (Titular) Yankelewicz N\u00e9lida (Suplente)<br \/>\n3 Ramanzini Ariel (Titular) Panelo Rub\u00e9n Oscar (Suplente)<br \/>\n4 Preiti Mauricio (Titular) Colicinio Laura (Suplente)<br \/>\n5 Bargone V\u00edctor Hugo (Titular) Ram\u00edrez Oscar (Suplente)<br \/>\n6 Liga Depot. Sampedrina (Titular) Celso Jorge Adri\u00e1n (Suplente)<br \/>\n7 Sindicato del Papel (Titular) Muratone Jorge Roberto (Suplente)<br \/>\n8 Montiel Karina (Titular) Le\u00f3n Laura (Suplente)<br \/>\n9 Muratone Roberto (Titular) Abel Fern\u00e1ndez Dar\u00edo (Suplente)<br \/>\n10 Parisi Mauro (Titular) Casas Elvio (Suplente)<br \/>\n11 Echevarr\u00eda Daniel Mazzino (Titular) Mar\u00eda Alejandra (Suplente)<br \/>\n12 Magliotti Jorge (Titular) D\u00edaz Gast\u00f3n Gustavo (Suplente)<br \/>\n13 Sindicato de Embaladores (Titular) Correa Mar\u00eda Isabel (Suplente)<br \/>\n14 Olivieri Roberto Fabian (Titular) Abasgoittia Liliana (Suplente)<br \/>\n15 Acevedo Mar\u00eda del Carmen (Titular) Eguino Marcela Sara (Suplente)<br \/>\n16 Esterlich Fernando (Titular) Galeotti Diego Daniel (Suplente)<br \/>\n17 Lucena Beatriz (Titular) Bernardi Olga In\u00e9s (Suplente)<br \/>\n18 Ben\u00edtez Marcela (Titular) Acosta Jos\u00e9 Luis (Suplente)<br \/>\n19 Esterlich Roberto Daniel (Titular) Acosta Juan Carlos (Suplente)<br \/>\n20 Capre \u00c1ngel (Titular) Villarruel Marta Luj\u00e1n (Suplente)<br \/>\n21 Abrahan Nancy (Titular) Aguilera H\u00e9ctor Daniel (Suplente)<br \/>\n22 Picaso Romina (Titular) Cafferata Ad\u00e1n (Suplente)<br \/>\n23 Poppe Mar\u00eda Isabel (Titular) Secchi V\u00edctor (Suplente)<br \/>\n24 Fusi Sofia Fasce (Titular) Graciela M\u00f3nica (Suplente)<br \/>\n25 Giles Silvia (Titular) Rodr\u00edguez Zulema (Suplente)<br \/>\n26 Ricco Angela Lujan (Titular) Echevarr\u00eda Daniela (Suplente)<br \/>\n27 Rigo Juan Pablo (Titular) Colicignio Ver\u00f3nica (Suplente)<br \/>\n28 Montaldi Jorge (Titular) Nouet Paola (Suplente)<br \/>\n29 Diaz Ra\u00fal<br \/>\n30 Baez Carlos V\u00edctor<\/p>\n","protected":false},"excerpt":{"rendered":"<p>La Lista Azul y Blanca se presentar\u00e1 en las elecciones de la COOPSER el pr\u00f3ximo domingo con el acompa\u00f1amiento de la CGT. En el marco de estas elecciones para la designaci\u00f3n de delegados que decidir\u00e1n, en unos meses, sobre el nuevo Consejo de Administraci\u00f3n, El Diario de San Pedro estuvo con Julio Montes y Juan [&hellip;]<\/p>\n","protected":false},"author":4,"featured_media":35497,"comment_status":"open","ping_status":"closed","sticky":false,"template":"","format":"standard","meta":{"om_disable_all_campaigns":false,"_jetpack_memberships_contains_paid_content":false,"footnotes":""},"categories":[101,2],"tags":[],"class_list":["post-35496","post","type-post","status-publish","format-standard","has-post-thumbnail","hentry","category-interes-general-locales","category-locales"],"aioseo_notices":[],"gutentor_comment":0,"jetpack_featured_media_url":"https:\/\/eldiariodesanpedro.com.ar\/sitio\/wp-content\/uploads\/2018\/06\/coopser.jpg","jetpack_shortlink":"https:\/\/wp.me\/p6RhLt-9ew","jetpack_sharing_enabled":true,"_links":{"self":[{"href":"https:\/\/eldiariodesanpedro.com.ar\/sitio\/wp-json\/wp\/v2\/posts\/35496","targetHints":{"allow":["GET"]}}],"collection":[{"href":"https:\/\/eldiariodesanpedro.com.ar\/sitio\/wp-json\/wp\/v2\/posts"}],"about":[{"href":"https:\/\/eldiariodesanpedro.com.ar\/sitio\/wp-json\/wp\/v2\/types\/post"}],"author":[{"embeddable":true,"href":"https:\/\/eldiariodesanpedro.com.ar\/sitio\/wp-json\/wp\/v2\/users\/4"}],"replies":[{"embeddable":true,"href":"https:\/\/eldiariodesanpedro.com.ar\/sitio\/wp-json\/wp\/v2\/comments?post=35496"}],"version-history":[{"count":1,"href":"https:\/\/eldiariodesanpedro.com.ar\/sitio\/wp-json\/wp\/v2\/posts\/35496\/revisions"}],"predecessor-version":[{"id":35499,"href":"https:\/\/eldiariodesanpedro.com.ar\/sitio\/wp-json\/wp\/v2\/posts\/35496\/revisions\/35499"}],"wp:featuredmedia":[{"embeddable":true,"href":"https:\/\/eldiariodesanpedro.com.ar\/sitio\/wp-json\/wp\/v2\/media\/35497"}],"wp:attachment":[{"href":"https:\/\/eldiariodesanpedro.com.ar\/sitio\/wp-json\/wp\/v2\/media?parent=35496"}],"wp:term":[{"taxonomy":"category","embeddable":true,"href":"https:\/\/eldiariodesanpedro.com.ar\/sitio\/wp-json\/wp\/v2\/categories?post=35496"},{"taxonomy":"post_tag","embeddable":true,"href":"https:\/\/eldiariodesanpedro.com.ar\/sitio\/wp-json\/wp\/v2\/tags?post=35496"}],"curies":[{"name":"wp","href":"https:\/\/api.w.org\/{rel}","templated":true}]}}