{"id":35489,"date":"2018-06-28T09:58:45","date_gmt":"2018-06-28T12:58:45","guid":{"rendered":"https:\/\/eldiariodesanpedro.com.ar\/sitio\/?p=35489"},"modified":"2018-06-28T10:06:51","modified_gmt":"2018-06-28T13:06:51","slug":"un-camion-impacto-de-atras-a-otro-camion","status":"publish","type":"post","link":"https:\/\/eldiariodesanpedro.com.ar\/sitio\/un-camion-impacto-de-atras-a-otro-camion\/","title":{"rendered":"Un cami\u00f3n impacto de atr\u00e1s a otro  cami\u00f3n"},"content":{"rendered":"<p><!-- VideographyWP Plugin Message: Automatic video embedding prevented by plugin options. --><br \/>\nEsta madrugada, un Mercedes Benz conducido por un joven de 23 a\u00f1os, impact\u00f3 desde atr\u00e1s a otro rodado similar en el que viajaba un hombre de 34 sobre la  Ruta Nac N\u00ba 9 km. 182 carril Rosario- Buenos Aires. Las v\u00edctimas resultaron con heridas leves y trasladadas por la ambulancia del CEM de la localidad de Ramallo.<\/p>\n<p>Personal policial del Destacamento de Gobernador Castro,  se comisiono a  Ruta Nac N\u00ba 9 km. 182 carril Rosario- Buenos Aires, donde por causas que se  tratase de establecer,  se produce colisi\u00f3n de dos camiones, ambos circulaban por mismo carril y en el mismo sentido, resultando ser un Cami\u00f3n Mercedes Benz color blanco, arrastrando acoplado Helv\u00e9tica (cargado con harina de Trigo) guiado por el ciudadano de 34 a\u00f1os oriundo de la  Provincia de C\u00f3rdoba, perteneciente a la Empresa Molino Flavia de la misma localidad.<\/p>\n<p>El Mercedes fue colisionado, en parte trasera, por otro cami\u00f3n similar, arrastrando semirremolque (cargado de verdura) el cual se dirig\u00eda con destino al mercado central, guiado por masculino de 23 a\u00f1os,  oriundo de la  Provincia de Jujuy.<\/p>\n<p>Como consecuencia,  ambos veh\u00edculos quedan depositados en banquina de dicho carril, sin obstruir la calzada.<br \/>\nSe hace  presente la ambulancia del CEM de localidad Ramallo, donde  asisten y trasladan al hospital a Mar\u00eda Jos\u00e9 de Gomendio, de dicha  localidad y al ciudadano oriundo de localidad de Lezama Pcia de Jujuy; ambos con lesiones leves.<\/p>\n","protected":false},"excerpt":{"rendered":"<p>Esta madrugada, un Mercedes Benz conducido por un joven de 23 a\u00f1os, impact\u00f3 desde atr\u00e1s a otro rodado similar en el que viajaba un hombre de 34 sobre la Ruta Nac N\u00ba 9 km. 182 carril Rosario- Buenos Aires. Las v\u00edctimas resultaron con heridas leves y trasladadas por la ambulancia del CEM de la localidad [&hellip;]<\/p>\n","protected":false},"author":4,"featured_media":35493,"comment_status":"open","ping_status":"closed","sticky":false,"template":"","format":"standard","meta":{"om_disable_all_campaigns":false,"_jetpack_memberships_contains_paid_content":false,"footnotes":""},"categories":[50,2,103],"tags":[],"class_list":["post-35489","post","type-post","status-publish","format-standard","has-post-thumbnail","hentry","category-destacadas","category-locales","category-policiales-locales"],"aioseo_notices":[],"gutentor_comment":0,"jetpack_featured_media_url":"https:\/\/eldiariodesanpedro.com.ar\/sitio\/wp-content\/uploads\/2018\/06\/camion-ruta-9-1.jpeg","jetpack_shortlink":"https:\/\/wp.me\/p6RhLt-9ep","jetpack_sharing_enabled":true,"_links":{"self":[{"href":"https:\/\/eldiariodesanpedro.com.ar\/sitio\/wp-json\/wp\/v2\/posts\/35489","targetHints":{"allow":["GET"]}}],"collection":[{"href":"https:\/\/eldiariodesanpedro.com.ar\/sitio\/wp-json\/wp\/v2\/posts"}],"about":[{"href":"https:\/\/eldiariodesanpedro.com.ar\/sitio\/wp-json\/wp\/v2\/types\/post"}],"author":[{"embeddable":true,"href":"https:\/\/eldiariodesanpedro.com.ar\/sitio\/wp-json\/wp\/v2\/users\/4"}],"replies":[{"embeddable":true,"href":"https:\/\/eldiariodesanpedro.com.ar\/sitio\/wp-json\/wp\/v2\/comments?post=35489"}],"version-history":[{"count":1,"href":"https:\/\/eldiariodesanpedro.com.ar\/sitio\/wp-json\/wp\/v2\/posts\/35489\/revisions"}],"predecessor-version":[{"id":35491,"href":"https:\/\/eldiariodesanpedro.com.ar\/sitio\/wp-json\/wp\/v2\/posts\/35489\/revisions\/35491"}],"wp:featuredmedia":[{"embeddable":true,"href":"https:\/\/eldiariodesanpedro.com.ar\/sitio\/wp-json\/wp\/v2\/media\/35493"}],"wp:attachment":[{"href":"https:\/\/eldiariodesanpedro.com.ar\/sitio\/wp-json\/wp\/v2\/media?parent=35489"}],"wp:term":[{"taxonomy":"category","embeddable":true,"href":"https:\/\/eldiariodesanpedro.com.ar\/sitio\/wp-json\/wp\/v2\/categories?post=35489"},{"taxonomy":"post_tag","embeddable":true,"href":"https:\/\/eldiariodesanpedro.com.ar\/sitio\/wp-json\/wp\/v2\/tags?post=35489"}],"curies":[{"name":"wp","href":"https:\/\/api.w.org\/{rel}","templated":true}]}}