{"id":35486,"date":"2018-06-28T09:35:30","date_gmt":"2018-06-28T12:35:30","guid":{"rendered":"https:\/\/eldiariodesanpedro.com.ar\/sitio\/?p=35486"},"modified":"2018-06-28T09:35:30","modified_gmt":"2018-06-28T12:35:30","slug":"nuevamente-motochorros","status":"publish","type":"post","link":"https:\/\/eldiariodesanpedro.com.ar\/sitio\/nuevamente-motochorros\/","title":{"rendered":"Nuevamente Motochorros"},"content":{"rendered":"<p><!-- VideographyWP Plugin Message: Automatic video embedding prevented by plugin options. --><br \/>\nEl hecho ocurri\u00f3, este mi\u00e9rcoles por la tarde, en intersecci\u00f3n de calle Saavedra y Miguel Porta, cuando dos delincuentes que circulaban en moto, interceptaron a una  joven de 32 a\u00f1os de edad y le sustrajeron su mochila.<\/p>\n<p>A diferencia de otros  hechos delictivos que venimos aconteciendo, donde los delincuentes resultan ser violentos y atacan con  armas de fuego, la  victima relataba, en la denuncia que se radico en la comisar\u00eda local,  que uno de los  malhechores  se notaba nervioso y transpiraba; le pide que le entregue su mochila sin ejercer violencia alguna  y emprenden a la fuga.<\/p>\n","protected":false},"excerpt":{"rendered":"<p>El hecho ocurri\u00f3, este mi\u00e9rcoles por la tarde, en intersecci\u00f3n de calle Saavedra y Miguel Porta, cuando dos delincuentes que circulaban en moto, interceptaron a una joven de 32 a\u00f1os de edad y le sustrajeron su mochila. A diferencia de otros hechos delictivos que venimos aconteciendo, donde los delincuentes resultan ser violentos y atacan con [&hellip;]<\/p>\n","protected":false},"author":4,"featured_media":35487,"comment_status":"open","ping_status":"closed","sticky":false,"template":"","format":"standard","meta":{"om_disable_all_campaigns":false,"_jetpack_memberships_contains_paid_content":false,"footnotes":""},"categories":[2,103],"tags":[],"class_list":["post-35486","post","type-post","status-publish","format-standard","has-post-thumbnail","hentry","category-locales","category-policiales-locales"],"aioseo_notices":[],"gutentor_comment":0,"jetpack_featured_media_url":"https:\/\/eldiariodesanpedro.com.ar\/sitio\/wp-content\/uploads\/2018\/06\/motochorro.jpg","jetpack_shortlink":"https:\/\/wp.me\/p6RhLt-9em","jetpack_sharing_enabled":true,"_links":{"self":[{"href":"https:\/\/eldiariodesanpedro.com.ar\/sitio\/wp-json\/wp\/v2\/posts\/35486","targetHints":{"allow":["GET"]}}],"collection":[{"href":"https:\/\/eldiariodesanpedro.com.ar\/sitio\/wp-json\/wp\/v2\/posts"}],"about":[{"href":"https:\/\/eldiariodesanpedro.com.ar\/sitio\/wp-json\/wp\/v2\/types\/post"}],"author":[{"embeddable":true,"href":"https:\/\/eldiariodesanpedro.com.ar\/sitio\/wp-json\/wp\/v2\/users\/4"}],"replies":[{"embeddable":true,"href":"https:\/\/eldiariodesanpedro.com.ar\/sitio\/wp-json\/wp\/v2\/comments?post=35486"}],"version-history":[{"count":1,"href":"https:\/\/eldiariodesanpedro.com.ar\/sitio\/wp-json\/wp\/v2\/posts\/35486\/revisions"}],"predecessor-version":[{"id":35488,"href":"https:\/\/eldiariodesanpedro.com.ar\/sitio\/wp-json\/wp\/v2\/posts\/35486\/revisions\/35488"}],"wp:featuredmedia":[{"embeddable":true,"href":"https:\/\/eldiariodesanpedro.com.ar\/sitio\/wp-json\/wp\/v2\/media\/35487"}],"wp:attachment":[{"href":"https:\/\/eldiariodesanpedro.com.ar\/sitio\/wp-json\/wp\/v2\/media?parent=35486"}],"wp:term":[{"taxonomy":"category","embeddable":true,"href":"https:\/\/eldiariodesanpedro.com.ar\/sitio\/wp-json\/wp\/v2\/categories?post=35486"},{"taxonomy":"post_tag","embeddable":true,"href":"https:\/\/eldiariodesanpedro.com.ar\/sitio\/wp-json\/wp\/v2\/tags?post=35486"}],"curies":[{"name":"wp","href":"https:\/\/api.w.org\/{rel}","templated":true}]}}