{"id":35478,"date":"2018-06-27T20:32:07","date_gmt":"2018-06-27T23:32:07","guid":{"rendered":"https:\/\/eldiariodesanpedro.com.ar\/sitio\/?p=35478"},"modified":"2026-01-24T00:13:21","modified_gmt":"2026-01-24T03:13:21","slug":"atletismo-atletas-de-mitre-en-los-42k-de-rosario","status":"publish","type":"post","link":"https:\/\/eldiariodesanpedro.com.ar\/sitio\/atletismo-atletas-de-mitre-en-los-42k-de-rosario\/","title":{"rendered":"ATLETISMO: Atletas de Mitre en los 42k de Rosario"},"content":{"rendered":"<p><!-- VideographyWP Plugin Message: Automatic video embedding prevented by plugin options. --><br \/>\nEste domingo se corri\u00f3 la 17\u00b0 edici\u00f3n del Marat\u00f3n Internacional de la Bandera 42k Rosario 2018 con la participaci\u00f3n de 3500 atletas. <\/p>\n<p>  Los primeros en cruzar la meta fueron Gustavo Fern\u00e1ndez (2h 26m 42s) y Cecilia Fern\u00e1ndez (2h 57m 25s), ambos de Olavarr\u00eda. El segundo puesto fue para el pampeano Alfredo Aguirre (2h 29m 52s) y el tercer lugar para el rosarino Marcos Delforno (2h 33m 42s). <\/p>\n<p>  Completaron el podio de mujeres Guadalupe D\u00edaz Sebriano (2h 59m 28s) y Brenda Spasiuk (2h 59m 34s).<br \/>\n  Tres atletas del Club Mitre participaron de este importante evento: \u00c1ngel Belo (3h 43m 49s) se ubic\u00f3 511\u00b0 en la general y 89\u00b0 en su categor\u00eda, Pedro L\u00f3pez (3h 50m 55s) se ubic\u00f3 608\u00b0 en la general y 79\u00b0 en su categor\u00eda, y Jorge D\u00b4Andrea (4h 8m 39s) se ubic\u00f3 872\u00b0 en la general y 137\u00b0 en su categor\u00eda. Felicitaciones para ellos, excelente carrera y vale el reconocimiento realizado tanto en su preparaci\u00f3n como en la competencia.<\/p>\n","protected":false},"excerpt":{"rendered":"<p>Este domingo se corri\u00f3 la 17\u00b0 edici\u00f3n del Marat\u00f3n Internacional de la Bandera 42k Rosario 2018 con la participaci\u00f3n de 3500 atletas. Los primeros en cruzar la meta fueron Gustavo Fern\u00e1ndez (2h 26m 42s) y Cecilia Fern\u00e1ndez (2h 57m 25s), ambos de Olavarr\u00eda. El segundo puesto fue para el pampeano Alfredo Aguirre (2h 29m 52s) [&hellip;]<\/p>\n","protected":false},"author":4,"featured_media":22998,"comment_status":"open","ping_status":"closed","sticky":false,"template":"","format":"standard","meta":{"om_disable_all_campaigns":false,"_jetpack_memberships_contains_paid_content":false,"footnotes":""},"categories":[5],"tags":[],"class_list":["post-35478","post","type-post","status-publish","format-standard","has-post-thumbnail","hentry","category-deportes"],"aioseo_notices":[],"gutentor_comment":0,"jetpack_featured_media_url":"https:\/\/eldiariodesanpedro.com.ar\/sitio\/wp-content\/uploads\/2017\/09\/maraton-atletismo.jpg","jetpack_shortlink":"https:\/\/wp.me\/p6RhLt-9ee","jetpack_sharing_enabled":true,"_links":{"self":[{"href":"https:\/\/eldiariodesanpedro.com.ar\/sitio\/wp-json\/wp\/v2\/posts\/35478","targetHints":{"allow":["GET"]}}],"collection":[{"href":"https:\/\/eldiariodesanpedro.com.ar\/sitio\/wp-json\/wp\/v2\/posts"}],"about":[{"href":"https:\/\/eldiariodesanpedro.com.ar\/sitio\/wp-json\/wp\/v2\/types\/post"}],"author":[{"embeddable":true,"href":"https:\/\/eldiariodesanpedro.com.ar\/sitio\/wp-json\/wp\/v2\/users\/4"}],"replies":[{"embeddable":true,"href":"https:\/\/eldiariodesanpedro.com.ar\/sitio\/wp-json\/wp\/v2\/comments?post=35478"}],"version-history":[{"count":1,"href":"https:\/\/eldiariodesanpedro.com.ar\/sitio\/wp-json\/wp\/v2\/posts\/35478\/revisions"}],"predecessor-version":[{"id":35479,"href":"https:\/\/eldiariodesanpedro.com.ar\/sitio\/wp-json\/wp\/v2\/posts\/35478\/revisions\/35479"}],"wp:featuredmedia":[{"embeddable":true,"href":"https:\/\/eldiariodesanpedro.com.ar\/sitio\/wp-json\/wp\/v2\/media\/22998"}],"wp:attachment":[{"href":"https:\/\/eldiariodesanpedro.com.ar\/sitio\/wp-json\/wp\/v2\/media?parent=35478"}],"wp:term":[{"taxonomy":"category","embeddable":true,"href":"https:\/\/eldiariodesanpedro.com.ar\/sitio\/wp-json\/wp\/v2\/categories?post=35478"},{"taxonomy":"post_tag","embeddable":true,"href":"https:\/\/eldiariodesanpedro.com.ar\/sitio\/wp-json\/wp\/v2\/tags?post=35478"}],"curies":[{"name":"wp","href":"https:\/\/api.w.org\/{rel}","templated":true}]}}