{"id":35471,"date":"2018-06-27T20:25:50","date_gmt":"2018-06-27T23:25:50","guid":{"rendered":"https:\/\/eldiariodesanpedro.com.ar\/sitio\/?p=35471"},"modified":"2026-01-24T00:13:21","modified_gmt":"2026-01-24T03:13:21","slug":"automovilismo-san-pedro-representado-en-el-rally-de-campana","status":"publish","type":"post","link":"https:\/\/eldiariodesanpedro.com.ar\/sitio\/automovilismo-san-pedro-representado-en-el-rally-de-campana\/","title":{"rendered":"AUTOMOVILISMO: San Pedro representado en el Rally de Campana"},"content":{"rendered":"<p><!-- VideographyWP Plugin Message: Automatic video embedding prevented by plugin options. --><br \/>\nA principios del siglo pasado en la ciudad de Campana se comenzaba a escribir la historia del automovilismo en nuestra Rep\u00fablica Argentina, en aquella ciudad, Manuel Iglesias constru\u00eda el primer autom\u00f3vil Argentino. Hoy a m\u00e1s de 110 a\u00f1os de aquel suceso hist\u00f3rico, Campana se prepara para recibir por segunda vez en su historia al Campeonato Argentino Federal de Rally el pr\u00f3ximo fin de semana.<\/p>\n<p>  Organizado por pilotos y conocedores del rally, se lograron diagramar 10 pruebas cronometradas, separadas en dos etapas. Previo a esto, el viernes como es tradicional, se realizar\u00e1 la rampa de largada simb\u00f3lica, donde el p\u00fablico de la ciudad y toda la zona se podr\u00e1 acercar para vivir de cerca el calor que el show del Rally Federal pone en cada ciudad.<\/p>\n<p>  Ya en lo deportivo los representantes de San Pedro volver\u00e1n a estar presentes. \u201cViti\u201d y Nerea Solmi ir\u00e1n en busca de la punta del campeonato en la divisional N3. Los campeones reinantes se encuentran en el segundo puesto del clasificador anual e ir\u00e1n en busca de sumar un buen colch\u00f3n de puntos para volverse en lo m\u00e1s alto de la tabla.<br \/>\n  Varias fueron las competencias que tuvieron que pasar V\u00edctor Solmi y Cristian Luconi para poder terminar un rally sin problemas. En la pasada competencia en Rojas pudieron quebrar esa mala racha que lo azotaba y quedarse en el cuarto puesto del clasificador. Este resultado les devolvi\u00f3 la alegr\u00eda al binomio y ya piensan en seguir por la misma senda y pelear por los primeros puestos en la competitiva divisional N7.<\/p>\n<p><strong>Cronograma<\/strong><\/p>\n<p><em>Viernes:<\/em><br \/>\n20:00 \u2013 Rampa de largada simb\u00f3lica \u2013 Municipalidad de Campana<\/p>\n<p><em>S\u00e1bado:<\/em><br \/>\n11:30 \u2013 Largada 1\u00b0 prueba cronometrada<br \/>\n16:27 \u2013 Largada 6\u00b0 prueba cronometrada \u2013 S\u00faper especial &#8211; Otamendi<br \/>\n17:27 \u2013 Final del d\u00eda 1 <\/p>\n<p><em>Domingo:<\/em><br \/>\n09:08 \u2013 Largada 7\u00b0 prueba cronometrada<br \/>\n12:17 \u2013 Largada \u00faltima prueba cronometrada<br \/>\n12:42 \u2013 Final del Rally<br \/>\n14:00 \u2013 Podio<\/p>\n","protected":false},"excerpt":{"rendered":"<p>A principios del siglo pasado en la ciudad de Campana se comenzaba a escribir la historia del automovilismo en nuestra Rep\u00fablica Argentina, en aquella ciudad, Manuel Iglesias constru\u00eda el primer autom\u00f3vil Argentino. Hoy a m\u00e1s de 110 a\u00f1os de aquel suceso hist\u00f3rico, Campana se prepara para recibir por segunda vez en su historia al Campeonato [&hellip;]<\/p>\n","protected":false},"author":4,"featured_media":35472,"comment_status":"open","ping_status":"closed","sticky":false,"template":"","format":"standard","meta":{"om_disable_all_campaigns":false,"_jetpack_memberships_contains_paid_content":false,"footnotes":""},"categories":[5],"tags":[],"class_list":["post-35471","post","type-post","status-publish","format-standard","has-post-thumbnail","hentry","category-deportes"],"aioseo_notices":[],"gutentor_comment":0,"jetpack_featured_media_url":"https:\/\/eldiariodesanpedro.com.ar\/sitio\/wp-content\/uploads\/2018\/06\/Solmi-un-apellido-tradicional-en-Rally.jpg","jetpack_shortlink":"https:\/\/wp.me\/p6RhLt-9e7","jetpack_sharing_enabled":true,"_links":{"self":[{"href":"https:\/\/eldiariodesanpedro.com.ar\/sitio\/wp-json\/wp\/v2\/posts\/35471","targetHints":{"allow":["GET"]}}],"collection":[{"href":"https:\/\/eldiariodesanpedro.com.ar\/sitio\/wp-json\/wp\/v2\/posts"}],"about":[{"href":"https:\/\/eldiariodesanpedro.com.ar\/sitio\/wp-json\/wp\/v2\/types\/post"}],"author":[{"embeddable":true,"href":"https:\/\/eldiariodesanpedro.com.ar\/sitio\/wp-json\/wp\/v2\/users\/4"}],"replies":[{"embeddable":true,"href":"https:\/\/eldiariodesanpedro.com.ar\/sitio\/wp-json\/wp\/v2\/comments?post=35471"}],"version-history":[{"count":1,"href":"https:\/\/eldiariodesanpedro.com.ar\/sitio\/wp-json\/wp\/v2\/posts\/35471\/revisions"}],"predecessor-version":[{"id":35474,"href":"https:\/\/eldiariodesanpedro.com.ar\/sitio\/wp-json\/wp\/v2\/posts\/35471\/revisions\/35474"}],"wp:featuredmedia":[{"embeddable":true,"href":"https:\/\/eldiariodesanpedro.com.ar\/sitio\/wp-json\/wp\/v2\/media\/35472"}],"wp:attachment":[{"href":"https:\/\/eldiariodesanpedro.com.ar\/sitio\/wp-json\/wp\/v2\/media?parent=35471"}],"wp:term":[{"taxonomy":"category","embeddable":true,"href":"https:\/\/eldiariodesanpedro.com.ar\/sitio\/wp-json\/wp\/v2\/categories?post=35471"},{"taxonomy":"post_tag","embeddable":true,"href":"https:\/\/eldiariodesanpedro.com.ar\/sitio\/wp-json\/wp\/v2\/tags?post=35471"}],"curies":[{"name":"wp","href":"https:\/\/api.w.org\/{rel}","templated":true}]}}