{"id":35462,"date":"2018-06-27T20:09:43","date_gmt":"2018-06-27T23:09:43","guid":{"rendered":"https:\/\/eldiariodesanpedro.com.ar\/sitio\/?p=35462"},"modified":"2018-06-27T20:09:43","modified_gmt":"2018-06-27T23:09:43","slug":"pergamino-detenido-por-conducir-auto-que-mato-a-una-adolescente-en-un-choque","status":"publish","type":"post","link":"https:\/\/eldiariodesanpedro.com.ar\/sitio\/pergamino-detenido-por-conducir-auto-que-mato-a-una-adolescente-en-un-choque\/","title":{"rendered":"PERGAMINO: Detenido por conducir auto que mat\u00f3 a una adolescente en un choque"},"content":{"rendered":"<p><!-- VideographyWP Plugin Message: Automatic video embedding prevented by plugin options. --><br \/>\nEl Fiscal Guillermo Villalba dio un giro importante a la investigaci\u00f3n por la muerte de Sof\u00eda Pereyra (15), quien era pasajera de un VW polo que se despist\u00f3 y volc\u00f3 en la Ruta 32 al regresar de un boliche de Arroyo Dulce. El conductor del autom\u00f3vil de 19 a\u00f1os fue detenido por la DDI.<\/p>\n<p>  Los resultados de las pericias y los testimonios de los testigos agravaron la situaci\u00f3n procesal de un joven de 19 a\u00f1os que conduc\u00eda un autom\u00f3vil que se despist\u00f3 y volc\u00f3 a la vera de la ruta provincial 32 en diciembre del a\u00f1o pasado.<\/p>\n<p>  La instrucci\u00f3n judicial que se estaba desarrollando por la imputaci\u00f3n del delito de homicidio agravado en la Fiscal\u00eda 5 han sumado los agravantes de conducci\u00f3n peligrosa y por la presencia de alcohol en el conductor.<br \/>\n  En este sentido, el fiscal Guillermo Villalba requiri\u00f3 la detenci\u00f3n de este sujeto imputado por el delito de homicidio culposo para indagarlo y podr\u00eda requerir al Juzgado de Garant\u00edas una medida de prisi\u00f3n preventiva u ordenar nuevamente su excarcelaci\u00f3n si no hay peligro de entorpecimiento de la investigaci\u00f3n, hasta la substanciaci\u00f3n del juicio oral y p\u00fablico.<\/p>\n<p>  Es que el Fiscal Guillermo Villalba y su equipo de instructores judiciales lo deben indagar por los nuevos cargos que agravan la figura del homicidio culposo originario de la causa y por el cual ya ha comparecido el imputado.<br \/>\n  Los estudios cl\u00ednicos establecieron una presencia de alcohol en sangre mayor a lo permitido por la Ley de Tr\u00e1nsito; las pericias arrojaron resultados sobre presuntas maniobras negligentes del conductor y los testimonios de los otros ocupantes del auto, quienes sobrevivieron al accidente, habr\u00edan se\u00f1alado varias imprudencias cometidas por el sujeto que conduc\u00eda el Volkswagen Polo.<\/p>\n<p>  Esa madrugada salieron de un local nocturno de Arroyo Dulce cuatro j\u00f3venes a bordo del VW Polo azul con destino a Pergamino. La v\u00edctima fatal de ese accidente fue Sof\u00eda Pereyra de 15 a\u00f1os y el conductor; otro joven y una muchacha de 18 a\u00f1os resultaron ilesos.<\/p>\n<p>  El Juzgado de Garant\u00edas orden\u00f3 la detenci\u00f3n del conductor del autom\u00f3vil en base a las pruebas acumuladas en la instrucci\u00f3n judicial de la Fiscal\u00eda 5.<\/p>\n<p>  Los detectives policiales de la DDI, a cargo del comisario mayor Jorge Eduardo Vera, efectivizaron la detenci\u00f3n el lunes a la ma\u00f1ana en zona c\u00e9ntrica; seg\u00fan lo informaron oficialmente.<\/p>\n<p><strong>Otros procedimientos de la Polic\u00eda de Investigaciones<\/strong><br \/>\n  Los uniformados de la Delegaci\u00f3n de Investigaciones a cargo del Comisario Mayor Jorge Eduardo Vera, en el transcurso del fin de semana realizaron diversos procedimientos donde realizaron varias detenciones.<br \/>\n  En las \u00faltimas horas del viernes procedieron en el barrio Kennedy, a la interceptaci\u00f3n de un joven de 19 a\u00f1os, quien pose\u00eda en su poder cigarrillos y bagullo de marihuana, quien fue trasladado al asiento de Investigaciones a los fines legales pertinentes por Infracci\u00f3n a Ley 23.737.<\/p>\n<p>  En horas de la madrugada del domingo aprehendieron a dos masculinos de 27 y 17 a\u00f1os, a bordo de una motocicleta, quien primeramente se hab\u00edan dado a la fuga, siendo interceptados en el barrio 12 de Octubre, Fiscal\u00eda Juvenil N\u00b0 2 a cargo del Fiscal Daniel Aguilar dispuso cumplimientos legales por Desobediencia y posterior libertad.<br \/>\n En las \u00faltimas horas del domingo en calle Bah\u00eda Blanca entre Chacabuco y Corrientes, a la detenci\u00f3n de una ciudadana de 27 a\u00f1os quien pose\u00eda orden de detenci\u00f3n en su contra por el delito de robo agravado, de tr\u00e1mite por ante la Unidad Funcional de Instrucci\u00f3n y Juicio N\u00b0 2, a cargo del fiscal Francisco Furnari, quedando alojado en DDI.<\/p>\n<p>  En inmediaciones de las calles Bombero Esquivel y Becerra, detuvieron a un sujeto de 31 a\u00f1os, quien pose\u00eda orden de detenci\u00f3n en su contra por el delito de amenazas agravadas y lesiones a requerimiento de la UFI N\u00b0 8 del fiscal Pablo Santamarina.<\/p>\n<p>  En la esquina de Dr. Valentini y J.J. Valle aprehendieron a un sujeto de 21 a\u00f1os, quien se encontraba en estado de ebriedad, portando entre sus prendas una cuchilla de unos 30 cent\u00edmetros de largo con mango pl\u00e1stico de color blanco, siendo trasladado a sede policial donde se cumplimentaron recaudos legales por Infracci\u00f3n al Art- 43 inc. D del decreto Ley 8031, d\u00e1ndose intervenci\u00f3n al Juzgado Correccional de esta ciudad, recuperando posteriormente la libertad.<\/p>\n<p>Fuente: Semanario del Tiempo<\/p>\n","protected":false},"excerpt":{"rendered":"<p>El Fiscal Guillermo Villalba dio un giro importante a la investigaci\u00f3n por la muerte de Sof\u00eda Pereyra (15), quien era pasajera de un VW polo que se despist\u00f3 y volc\u00f3 en la Ruta 32 al regresar de un boliche de Arroyo Dulce. El conductor del autom\u00f3vil de 19 a\u00f1os fue detenido por la DDI. Los [&hellip;]<\/p>\n","protected":false},"author":4,"featured_media":35463,"comment_status":"open","ping_status":"closed","sticky":false,"template":"","format":"standard","meta":{"om_disable_all_campaigns":false,"_jetpack_memberships_contains_paid_content":false,"footnotes":""},"categories":[621],"tags":[],"class_list":["post-35462","post","type-post","status-publish","format-standard","has-post-thumbnail","hentry","category-regionales"],"aioseo_notices":[],"gutentor_comment":0,"jetpack_featured_media_url":"https:\/\/eldiariodesanpedro.com.ar\/sitio\/wp-content\/uploads\/2018\/06\/Detenido-por-conducir-auto-que-mat\u00f3-a-una-adolescente-en-un-choque.png","jetpack_shortlink":"https:\/\/wp.me\/p6RhLt-9dY","jetpack_sharing_enabled":true,"_links":{"self":[{"href":"https:\/\/eldiariodesanpedro.com.ar\/sitio\/wp-json\/wp\/v2\/posts\/35462","targetHints":{"allow":["GET"]}}],"collection":[{"href":"https:\/\/eldiariodesanpedro.com.ar\/sitio\/wp-json\/wp\/v2\/posts"}],"about":[{"href":"https:\/\/eldiariodesanpedro.com.ar\/sitio\/wp-json\/wp\/v2\/types\/post"}],"author":[{"embeddable":true,"href":"https:\/\/eldiariodesanpedro.com.ar\/sitio\/wp-json\/wp\/v2\/users\/4"}],"replies":[{"embeddable":true,"href":"https:\/\/eldiariodesanpedro.com.ar\/sitio\/wp-json\/wp\/v2\/comments?post=35462"}],"version-history":[{"count":1,"href":"https:\/\/eldiariodesanpedro.com.ar\/sitio\/wp-json\/wp\/v2\/posts\/35462\/revisions"}],"predecessor-version":[{"id":35465,"href":"https:\/\/eldiariodesanpedro.com.ar\/sitio\/wp-json\/wp\/v2\/posts\/35462\/revisions\/35465"}],"wp:featuredmedia":[{"embeddable":true,"href":"https:\/\/eldiariodesanpedro.com.ar\/sitio\/wp-json\/wp\/v2\/media\/35463"}],"wp:attachment":[{"href":"https:\/\/eldiariodesanpedro.com.ar\/sitio\/wp-json\/wp\/v2\/media?parent=35462"}],"wp:term":[{"taxonomy":"category","embeddable":true,"href":"https:\/\/eldiariodesanpedro.com.ar\/sitio\/wp-json\/wp\/v2\/categories?post=35462"},{"taxonomy":"post_tag","embeddable":true,"href":"https:\/\/eldiariodesanpedro.com.ar\/sitio\/wp-json\/wp\/v2\/tags?post=35462"}],"curies":[{"name":"wp","href":"https:\/\/api.w.org\/{rel}","templated":true}]}}