{"id":35458,"date":"2018-06-27T18:43:43","date_gmt":"2018-06-27T21:43:43","guid":{"rendered":"https:\/\/eldiariodesanpedro.com.ar\/sitio\/?p=35458"},"modified":"2018-06-27T18:43:43","modified_gmt":"2018-06-27T21:43:43","slug":"secuestran-dos-motos-robadas-en-un-taller-mecanico","status":"publish","type":"post","link":"https:\/\/eldiariodesanpedro.com.ar\/sitio\/secuestran-dos-motos-robadas-en-un-taller-mecanico\/","title":{"rendered":"Secuestran dos motos robadas en un taller mec\u00e1nico"},"content":{"rendered":"<p><!-- VideographyWP Plugin Message: Automatic video embedding prevented by plugin options. --><br \/>\nLa inspecci\u00f3n fue realizada por la DDI San Pedro- Baradero y se hallaron dos veh\u00edculos que ten\u00edan pedido de secuestro. <\/p>\n<p>Sobre el atardecer del martes personal de la Sub DDI San Pedro- Baradero realiz\u00f3 un operativo en un taller de motos ubicado sobre Belgrano y D\u00e1vila.<\/p>\n<p>Tras la inspecci\u00f3n en el interior del lugar se hallaron dos motos que ten\u00edan pedido de secuestro por un hecho de robo. Es por eso que ambos rodados fueron incautados y puestos a disposici\u00f3n de la Fiscal\u00eda 5.<\/p>\n<p>Sobre el hecho en s\u00ed se labraron infracciones por encubrimiento, por la falta del libro de registro y se procedi\u00f3 a la clausura del taller. <\/p>\n<p>Fuente: San Pedro Informa<\/p>\n","protected":false},"excerpt":{"rendered":"<p>La inspecci\u00f3n fue realizada por la DDI San Pedro- Baradero y se hallaron dos veh\u00edculos que ten\u00edan pedido de secuestro. Sobre el atardecer del martes personal de la Sub DDI San Pedro- Baradero realiz\u00f3 un operativo en un taller de motos ubicado sobre Belgrano y D\u00e1vila. Tras la inspecci\u00f3n en el interior del lugar se [&hellip;]<\/p>\n","protected":false},"author":4,"featured_media":35459,"comment_status":"open","ping_status":"closed","sticky":false,"template":"","format":"standard","meta":{"om_disable_all_campaigns":false,"_jetpack_memberships_contains_paid_content":false,"footnotes":""},"categories":[2,103],"tags":[],"class_list":["post-35458","post","type-post","status-publish","format-standard","has-post-thumbnail","hentry","category-locales","category-policiales-locales"],"aioseo_notices":[],"gutentor_comment":0,"jetpack_featured_media_url":"https:\/\/eldiariodesanpedro.com.ar\/sitio\/wp-content\/uploads\/2018\/06\/PAGINA-5-1.jpg","jetpack_shortlink":"https:\/\/wp.me\/p6RhLt-9dU","jetpack_sharing_enabled":true,"_links":{"self":[{"href":"https:\/\/eldiariodesanpedro.com.ar\/sitio\/wp-json\/wp\/v2\/posts\/35458","targetHints":{"allow":["GET"]}}],"collection":[{"href":"https:\/\/eldiariodesanpedro.com.ar\/sitio\/wp-json\/wp\/v2\/posts"}],"about":[{"href":"https:\/\/eldiariodesanpedro.com.ar\/sitio\/wp-json\/wp\/v2\/types\/post"}],"author":[{"embeddable":true,"href":"https:\/\/eldiariodesanpedro.com.ar\/sitio\/wp-json\/wp\/v2\/users\/4"}],"replies":[{"embeddable":true,"href":"https:\/\/eldiariodesanpedro.com.ar\/sitio\/wp-json\/wp\/v2\/comments?post=35458"}],"version-history":[{"count":1,"href":"https:\/\/eldiariodesanpedro.com.ar\/sitio\/wp-json\/wp\/v2\/posts\/35458\/revisions"}],"predecessor-version":[{"id":35460,"href":"https:\/\/eldiariodesanpedro.com.ar\/sitio\/wp-json\/wp\/v2\/posts\/35458\/revisions\/35460"}],"wp:featuredmedia":[{"embeddable":true,"href":"https:\/\/eldiariodesanpedro.com.ar\/sitio\/wp-json\/wp\/v2\/media\/35459"}],"wp:attachment":[{"href":"https:\/\/eldiariodesanpedro.com.ar\/sitio\/wp-json\/wp\/v2\/media?parent=35458"}],"wp:term":[{"taxonomy":"category","embeddable":true,"href":"https:\/\/eldiariodesanpedro.com.ar\/sitio\/wp-json\/wp\/v2\/categories?post=35458"},{"taxonomy":"post_tag","embeddable":true,"href":"https:\/\/eldiariodesanpedro.com.ar\/sitio\/wp-json\/wp\/v2\/tags?post=35458"}],"curies":[{"name":"wp","href":"https:\/\/api.w.org\/{rel}","templated":true}]}}