{"id":35455,"date":"2018-06-27T18:41:31","date_gmt":"2018-06-27T21:41:31","guid":{"rendered":"https:\/\/eldiariodesanpedro.com.ar\/sitio\/?p=35455"},"modified":"2018-06-27T18:41:31","modified_gmt":"2018-06-27T21:41:31","slug":"iarsa-sera-la-empresa-que-realizara-la-repavimentacion-de-la-ruta-191","status":"publish","type":"post","link":"https:\/\/eldiariodesanpedro.com.ar\/sitio\/iarsa-sera-la-empresa-que-realizara-la-repavimentacion-de-la-ruta-191\/","title":{"rendered":"IARSA sera la empresa que realizara la repavimentaci\u00f3n de la ruta 191"},"content":{"rendered":"<p><!-- VideographyWP Plugin Message: Automatic video embedding prevented by plugin options. --><br \/>\nEste mi\u00e9rcoles por la ma\u00f1ana el Intendente de nuestra ciudad realizo recorridas por obras de pavimentaci\u00f3n que se contin\u00faan en diferentes barrios de la ciudad.<\/p>\n<p>Cecilio Salazar recorri\u00f3 obras de pavimentaci\u00f3n en la zona de Lucio Mansilla y Cruz Roja, las cuales serian las ultimas que faltaban para completar las 400 cuadras. <\/p>\n<p>\u201cTodos los vecinos de esta gran zona est\u00e1n agradeciendo al ejecutivo municipal y al gobierno de la provincia que hubiera sido imposible hacer esta obra\u201d, afirm\u00f3.<\/p>\n<p>Adem\u00e1s el jefe comunal anuncio oficialmente que la empresa que realizara la pavimentacion de la ruta 191 y acceso de Santa Lucia sera IARSA, la misma que realizo la pavimentaci\u00f3n de la ruta 1001, Crucero General Belgrano y adem\u00e1s las 400 cuadras dentro de la ciudad. La empresa Ingeniero Alberto Reano S.A. presento un pliego por $139.600.000,00 siendo el presupuesto mas bajo presentado entre 22 empresas mas por lo que seria quien realizara el trabajo, recordemos que el presupuesto presentado por el gobierno provincial fue de $157.450.074,60.<\/p>\n<p>\u00abLo digo oficialmente, IARSA fue adjudicada. Ustedes recuerden que fue la empresa que present\u00f3 139 millones pesos. Faltan ahora cuestiones administrativas. La obra comprende desde la Ruta 9 hasta Santa Luc\u00eda, incluyendo el acceso\u00bb, comunic\u00f3 Salazar a la prensa en plena recorrida adem\u00e1s agrego \u00abpor lo que dice la empresa y por lo que nos han informado de Provincia, comenzar\u00eda en la primera quincena de septiembre, si es que no se traba nada\u00bb.<\/p>\n","protected":false},"excerpt":{"rendered":"<p>Este mi\u00e9rcoles por la ma\u00f1ana el Intendente de nuestra ciudad realizo recorridas por obras de pavimentaci\u00f3n que se contin\u00faan en diferentes barrios de la ciudad. Cecilio Salazar recorri\u00f3 obras de pavimentaci\u00f3n en la zona de Lucio Mansilla y Cruz Roja, las cuales serian las ultimas que faltaban para completar las 400 cuadras. \u201cTodos los vecinos [&hellip;]<\/p>\n","protected":false},"author":4,"featured_media":35456,"comment_status":"open","ping_status":"closed","sticky":false,"template":"","format":"standard","meta":{"om_disable_all_campaigns":false,"_jetpack_memberships_contains_paid_content":false,"footnotes":""},"categories":[50,101,2],"tags":[],"class_list":["post-35455","post","type-post","status-publish","format-standard","has-post-thumbnail","hentry","category-destacadas","category-interes-general-locales","category-locales"],"aioseo_notices":[],"gutentor_comment":0,"jetpack_featured_media_url":"https:\/\/eldiariodesanpedro.com.ar\/sitio\/wp-content\/uploads\/2018\/06\/PAGINA-4-1-e1530135670710.jpg","jetpack_shortlink":"https:\/\/wp.me\/p6RhLt-9dR","jetpack_sharing_enabled":true,"_links":{"self":[{"href":"https:\/\/eldiariodesanpedro.com.ar\/sitio\/wp-json\/wp\/v2\/posts\/35455","targetHints":{"allow":["GET"]}}],"collection":[{"href":"https:\/\/eldiariodesanpedro.com.ar\/sitio\/wp-json\/wp\/v2\/posts"}],"about":[{"href":"https:\/\/eldiariodesanpedro.com.ar\/sitio\/wp-json\/wp\/v2\/types\/post"}],"author":[{"embeddable":true,"href":"https:\/\/eldiariodesanpedro.com.ar\/sitio\/wp-json\/wp\/v2\/users\/4"}],"replies":[{"embeddable":true,"href":"https:\/\/eldiariodesanpedro.com.ar\/sitio\/wp-json\/wp\/v2\/comments?post=35455"}],"version-history":[{"count":1,"href":"https:\/\/eldiariodesanpedro.com.ar\/sitio\/wp-json\/wp\/v2\/posts\/35455\/revisions"}],"predecessor-version":[{"id":35457,"href":"https:\/\/eldiariodesanpedro.com.ar\/sitio\/wp-json\/wp\/v2\/posts\/35455\/revisions\/35457"}],"wp:featuredmedia":[{"embeddable":true,"href":"https:\/\/eldiariodesanpedro.com.ar\/sitio\/wp-json\/wp\/v2\/media\/35456"}],"wp:attachment":[{"href":"https:\/\/eldiariodesanpedro.com.ar\/sitio\/wp-json\/wp\/v2\/media?parent=35455"}],"wp:term":[{"taxonomy":"category","embeddable":true,"href":"https:\/\/eldiariodesanpedro.com.ar\/sitio\/wp-json\/wp\/v2\/categories?post=35455"},{"taxonomy":"post_tag","embeddable":true,"href":"https:\/\/eldiariodesanpedro.com.ar\/sitio\/wp-json\/wp\/v2\/tags?post=35455"}],"curies":[{"name":"wp","href":"https:\/\/api.w.org\/{rel}","templated":true}]}}