{"id":35452,"date":"2018-06-27T18:36:57","date_gmt":"2018-06-27T21:36:57","guid":{"rendered":"https:\/\/eldiariodesanpedro.com.ar\/sitio\/?p=35452"},"modified":"2018-06-27T18:36:57","modified_gmt":"2018-06-27T21:36:57","slug":"san-pedro-reclama-estara-presente-con-su-lista-en-las-proximas-elecciones-de-coopser","status":"publish","type":"post","link":"https:\/\/eldiariodesanpedro.com.ar\/sitio\/san-pedro-reclama-estara-presente-con-su-lista-en-las-proximas-elecciones-de-coopser\/","title":{"rendered":"San Pedro Reclama estar\u00e1 presente con su lista en las pr\u00f3ximas elecciones de COOPSER"},"content":{"rendered":"<p><!-- VideographyWP Plugin Message: Automatic video embedding prevented by plugin options. --><br \/>\nEn el marco de la proximidad de las votaciones en la Coopser para la elecci\u00f3n de delegados que decidir\u00e1n en unos meses al nuevo Consejo de Administraci\u00f3n, El Diario de San Pedro recibi\u00f3 a N\u00e9stor Gir\u00e1ndola y a Gast\u00f3n Casco, primer y segundo delegado por el Distrito 2 de la Lista Negra que se conform\u00f3 con miembros del grupo San Pedro Reclama. Nos comentaron c\u00f3mo llevan en esta campa\u00f1a que finalizar\u00e1 con la realizaci\u00f3n de la elecci\u00f3n el domingo 1 de julio.<\/p>\n<p><img decoding=\"async\" data-attachment-id=\"35453\" data-permalink=\"https:\/\/eldiariodesanpedro.com.ar\/sitio\/san-pedro-reclama-estara-presente-con-su-lista-en-las-proximas-elecciones-de-coopser\/pagina-3-164\/\" data-orig-file=\"https:\/\/eldiariodesanpedro.com.ar\/sitio\/wp-content\/uploads\/2018\/06\/PAGINA-3.png\" data-orig-size=\"940,948\" data-comments-opened=\"1\" data-image-meta=\"{&quot;aperture&quot;:&quot;0&quot;,&quot;credit&quot;:&quot;&quot;,&quot;camera&quot;:&quot;&quot;,&quot;caption&quot;:&quot;&quot;,&quot;created_timestamp&quot;:&quot;0&quot;,&quot;copyright&quot;:&quot;&quot;,&quot;focal_length&quot;:&quot;0&quot;,&quot;iso&quot;:&quot;0&quot;,&quot;shutter_speed&quot;:&quot;0&quot;,&quot;title&quot;:&quot;&quot;,&quot;orientation&quot;:&quot;0&quot;}\" data-image-title=\"PAGINA 3\" data-image-description=\"\" data-image-caption=\"\" data-large-file=\"https:\/\/eldiariodesanpedro.com.ar\/sitio\/wp-content\/uploads\/2018\/06\/PAGINA-3.png\" class=\"wp-image-35453 alignleft lazyload\" data-src=\"https:\/\/eldiariodesanpedro.com.ar\/sitio\/wp-content\/uploads\/2018\/06\/PAGINA-3.png\" alt=\"\" width=\"225\" height=\"227\" data-srcset=\"https:\/\/eldiariodesanpedro.com.ar\/sitio\/wp-content\/uploads\/2018\/06\/PAGINA-3.png 940w, https:\/\/eldiariodesanpedro.com.ar\/sitio\/wp-content\/uploads\/2018\/06\/PAGINA-3-150x150.png 150w, https:\/\/eldiariodesanpedro.com.ar\/sitio\/wp-content\/uploads\/2018\/06\/PAGINA-3-297x300.png 297w, https:\/\/eldiariodesanpedro.com.ar\/sitio\/wp-content\/uploads\/2018\/06\/PAGINA-3-768x775.png 768w\" data-sizes=\"(max-width: 225px) 100vw, 225px\" src=\"data:image\/svg+xml;base64,PHN2ZyB3aWR0aD0iMSIgaGVpZ2h0PSIxIiB4bWxucz0iaHR0cDovL3d3dy53My5vcmcvMjAwMC9zdmciPjwvc3ZnPg==\" style=\"--smush-placeholder-width: 225px; --smush-placeholder-aspect-ratio: 225\/227;\" \/><\/p>\n<p>\u201cNos presentamos en estas elecciones porque sentimos la necesidad de hacerlo al no tener respuestas y ver el destrato que se recibe como socios y ciudadanos, entonces decidimos tomar acciones y participar\u201d.<\/p>\n<p>\u201cQueremos transparencia dentro de la Cooperativa, que se vuelva a dialogar con el socio en las decisiones, todos somos parte de la cooperativa. Antes la poblaci\u00f3n estaba informada sobre lo que suced\u00eda dentro de la cooperativa y era todo transparente. Ahora no lo sabemos, hay cosas negras dentro de la Cooperativa, por eso el nombre de la lista. Queremos transparencia y pedimos que el asociado brinde la oportunidad a la gente nueva y que sepan que les vamos a llevar respuestas a la gente\u201d.<\/p>\n<p>Ellos contaron que Valeria Gonz\u00e1lez y Lucas Reynoso no participar\u00e1n de la lista, porque para poder ser delegado hay que tener dos a\u00f1os de antig\u00fcedad y ser titular, pero siguen apoyando la lista.<\/p>\n<p>\u201cNuestro proyecto no es a corto plazo, sabemos que las cosas en Coopser no se cambian de un d\u00eda para otro, tenemos un proyecto a largo plazo para realmente tomar las riendas de la Coopser y devolv\u00e9rsela al socio, que deje de ser una empresa privada. Valeria y Lucas fueron los primeros dentro del grupo San Pedro Reclama, que sigue y va a seguir trabajando y cuando ellos cumplan los requisitos para presentarse en la lista, lo har\u00e1n. Ahora nos apoyan con sus acciones y sus palabras\u201d.<\/p>\n<p>Como contrapartida el oficialismo, quien se identifica con la lista Roja ha dicho y pedido a la poblaci\u00f3n ser la lista elegida porque asegura que no ser\u00eda una buena decisi\u00f3n tener gente que no est\u00e9 capacitada dentro de la Coopser y, que tampoco quer\u00eda que los actuales empleados se quedaran sin sus puestos de trabajo, que podr\u00edan perder sus puestos de trabajo.<\/p>\n<p>Con respecto a la falta de experiencia que los oficialistas denuncian, \u201cnos causa gracia\u201d -dijo Costa- \u201cporque ellos siguen haciendo las mismas macanas que hace a\u00f1os, cuando ellos ya est\u00e1n all\u00ed hace mucho tiempo. No tienen comportamientos cooperativistas, manejan la Coopser como una empresa privada\u201d.<\/p>\n<p>Y, respecto de los empleados manifestaron: \u201csabemos que hay muchos que est\u00e1n amenazados. Uno de nuestros primeros compromisos, as\u00ed como la transparencia, es garantizar la fuente de trabajo, no vamos a echar a nadie porque no tenemos las facultades para hacerlo. Nosotros vamos a ser delegados, no vamos a echar a gente. Queremos transparencia, que funcione como una cooperativa y darle beneficios al socio. Tambi\u00e9n es nuestra intenci\u00f3n conocer el inter\u00e9s del a Municipalidad en la Cooperativa; para todo esto nosotros tenemos que ser delegados, porque como socios no podemos conocerlo\u201d.<br \/>\nLos requisitos para ir a votar son que el socio no tenga deudas en la boleta de obras p\u00fablicas ni de servicios sociales.<br \/>\nEllos proponen votar a la lista Negra porque \u201csomos gente de trabajo, queremos participar y darle transparencia a la Cooperativa, no tenemos intereses econ\u00f3micos. Que la gente haga valer sus derechos y vaya a votar, que no se queden en el simple reclamo, que se comprometa y sea part\u00edcipe de sus derechos. Queremos estar para exigir transparencia y ver en qu\u00e9 y d\u00f3nde se gasta la plata de todos nosotros\u201d.<\/p>\n<p>DELEGADOS CANDIDAROS DE LA LISTA NEGRA<br \/>\nDISTRITO 1 CENTRAL<\/p>\n<p>DELEGADOS TITULARES<br \/>\n1 Porta Sabrina<br \/>\n2 Centuri\u00f3n Sandra<br \/>\n3 Ferrero Nancy<br \/>\n4 Pierotti Magdalena<br \/>\n5 Villaverde Sergio<br \/>\n6 Juarez Juan Jos\u00e9<br \/>\n7 Lina pablo<br \/>\n8 Zarate Jose<br \/>\n9 Trotta Alejo Nicol\u00e1s<br \/>\n10 Desimones Jorge<br \/>\n1 Gir\u00e1ndola H\u00e9ctor<br \/>\n2 Casco Fernando<br \/>\n3 Balladares Edgardo<br \/>\n4 Zarate Juan<br \/>\n5 Salmoiraghi Rduardo<br \/>\n6 Ruibal Claudio<br \/>\n7 Villal\u00f3n Jorge Luis<br \/>\n8 Villal\u00f3n Jorge Alejandro<br \/>\n9 Mar\u00edn Natalia<br \/>\n10 Borda Mario<br \/>\n11 Villarruel Ver\u00f3nica<br \/>\n12 Luna Sebasti\u00e1n<br \/>\n13 Batalla Gabriela<br \/>\n14 Gir\u00e1ndola Miguel Angel<br \/>\n15 Gir\u00e1ndola Sergio<br \/>\n16 Ceballos Norma<br \/>\n17 Velo Lorena<br \/>\n18 Gonzalez Juan Carlos<br \/>\n19 Camacho Vilma<br \/>\n20 Ottoneli Paola<br \/>\n21 Gonzalez Aida Viviana<br \/>\n22 Martin Rodolfo Angel<br \/>\n23 Alarc\u00f3n Jorge<br \/>\n24 Parra Marcos<br \/>\n25 Ojeda Leonor<br \/>\n26 Baviello Mercedes<br \/>\n27 Guerra Rodolfo<br \/>\n28 Caffieri Marta<br \/>\n29 Aranda Norma<br \/>\n30 Velo Manuel<br \/>\n31 Mastroiani Sergio<br \/>\n32 Castro Antonio<br \/>\n33 Mi\u00f1o Valeria<br \/>\n34 Gimenez Isolina<br \/>\n35 Agusti Juan<br \/>\n36 Arrigetti An\u00edbal<br \/>\n1 Zarate Daniel<\/p>\n<p>DISTRITO 4 RIO TALA<br \/>\n1 Mosteiro Ver\u00f3nica<br \/>\n2 Caseres Mar\u00eda Irene<\/p>\n<p>DISTRITO 7 G. CASTRO<br \/>\n1 Vega Walter<br \/>\n2 Garc\u00eda Arturo<br \/>\n3 Echevette Alicia<br \/>\n4 Ojeda Rolando<br \/>\n5 Rosales Francisco<\/p>\n","protected":false},"excerpt":{"rendered":"<p>En el marco de la proximidad de las votaciones en la Coopser para la elecci\u00f3n de delegados que decidir\u00e1n en unos meses al nuevo Consejo de Administraci\u00f3n, El Diario de San Pedro recibi\u00f3 a N\u00e9stor Gir\u00e1ndola y a Gast\u00f3n Casco, primer y segundo delegado por el Distrito 2 de la Lista Negra que se conform\u00f3 [&hellip;]<\/p>\n","protected":false},"author":4,"featured_media":6360,"comment_status":"open","ping_status":"closed","sticky":false,"template":"","format":"standard","meta":{"om_disable_all_campaigns":false,"_jetpack_memberships_contains_paid_content":false,"footnotes":""},"categories":[50,101,2],"tags":[],"class_list":["post-35452","post","type-post","status-publish","format-standard","has-post-thumbnail","hentry","category-destacadas","category-interes-general-locales","category-locales"],"aioseo_notices":[],"gutentor_comment":0,"jetpack_featured_media_url":"https:\/\/eldiariodesanpedro.com.ar\/sitio\/wp-content\/uploads\/2016\/07\/coopser.jpg","jetpack_shortlink":"https:\/\/wp.me\/p6RhLt-9dO","jetpack_sharing_enabled":true,"_links":{"self":[{"href":"https:\/\/eldiariodesanpedro.com.ar\/sitio\/wp-json\/wp\/v2\/posts\/35452","targetHints":{"allow":["GET"]}}],"collection":[{"href":"https:\/\/eldiariodesanpedro.com.ar\/sitio\/wp-json\/wp\/v2\/posts"}],"about":[{"href":"https:\/\/eldiariodesanpedro.com.ar\/sitio\/wp-json\/wp\/v2\/types\/post"}],"author":[{"embeddable":true,"href":"https:\/\/eldiariodesanpedro.com.ar\/sitio\/wp-json\/wp\/v2\/users\/4"}],"replies":[{"embeddable":true,"href":"https:\/\/eldiariodesanpedro.com.ar\/sitio\/wp-json\/wp\/v2\/comments?post=35452"}],"version-history":[{"count":1,"href":"https:\/\/eldiariodesanpedro.com.ar\/sitio\/wp-json\/wp\/v2\/posts\/35452\/revisions"}],"predecessor-version":[{"id":35454,"href":"https:\/\/eldiariodesanpedro.com.ar\/sitio\/wp-json\/wp\/v2\/posts\/35452\/revisions\/35454"}],"wp:featuredmedia":[{"embeddable":true,"href":"https:\/\/eldiariodesanpedro.com.ar\/sitio\/wp-json\/wp\/v2\/media\/6360"}],"wp:attachment":[{"href":"https:\/\/eldiariodesanpedro.com.ar\/sitio\/wp-json\/wp\/v2\/media?parent=35452"}],"wp:term":[{"taxonomy":"category","embeddable":true,"href":"https:\/\/eldiariodesanpedro.com.ar\/sitio\/wp-json\/wp\/v2\/categories?post=35452"},{"taxonomy":"post_tag","embeddable":true,"href":"https:\/\/eldiariodesanpedro.com.ar\/sitio\/wp-json\/wp\/v2\/tags?post=35452"}],"curies":[{"name":"wp","href":"https:\/\/api.w.org\/{rel}","templated":true}]}}