{"id":35444,"date":"2018-06-27T09:50:55","date_gmt":"2018-06-27T12:50:55","guid":{"rendered":"https:\/\/eldiariodesanpedro.com.ar\/sitio\/?p=35444"},"modified":"2018-06-27T09:50:55","modified_gmt":"2018-06-27T12:50:55","slug":"capacitacion-para-docentes-y-profesionales-de-la-salud-sobre-duelo-en-ninos-y-adolescentes","status":"publish","type":"post","link":"https:\/\/eldiariodesanpedro.com.ar\/sitio\/capacitacion-para-docentes-y-profesionales-de-la-salud-sobre-duelo-en-ninos-y-adolescentes\/","title":{"rendered":"Capacitaci\u00f3n para docentes y profesionales de la salud sobre duelo en ni\u00f1os y adolescentes"},"content":{"rendered":"<p><!-- VideographyWP Plugin Message: Automatic video embedding prevented by plugin options. --><br \/>\nLa Fundaci\u00f3n AIKEN junto a la Secretar\u00eda de Salud de la Municipalidad de San Pedro organizan el d\u00eda mi\u00e9rcoles 4 de julio, para docentes, y el jueves 5 de julio, para profesionales de la salud, dos jornadas de capacitaci\u00f3n orientada al acompa\u00f1amiento psicol\u00f3gico para ni\u00f1os y adolescentes en duelo.<br \/>\nLos talleres que cuentan con el respaldo del Ministerio de Desarrollo Social de la Naci\u00f3n abordan una tem\u00e1tica compleja, brindando herramientas a docentes escolares, profesores de educaci\u00f3n f\u00edsica o recreativa y personal de \u00e1reas de salud para trabajar situaciones que requieren de un adecuado abordaje. <\/p>\n<p>Algunos de los temas que abordar\u00e1n ser\u00e1n: el impacto de la muerte, ideas de muerte seg\u00fan distintas edades, mitos en torno al duelo, aspectos a considerar al comunicar la muerte a un ni\u00f1o, modos de abordar el tema en el aula ampliado con casos cl\u00ednicos, importancia de los rituales, entre otros.<\/p>\n<p>La Fundaci\u00f3n AIKEN a trav\u00e9s de un convenio establecido a nivel gubernamental acerca, en este caso a la Municipalidad de San Pedro, este tipo de talleres de manera gratuita con la participaci\u00f3n de profesionales de salud mental, para quienes se encuentren comprendidos en las funciones para los que est\u00e1n destinados.<\/p>\n<p>Las capacitaciones son de car\u00e1cter libre y gratuito, con una duraci\u00f3n de 4 horas y un break de 15 minutos. Las mismas se desarrollar\u00e1 en la cantina del Club N\u00e1utico: el d\u00eda mi\u00e9rcoles 4 de julio a las 17:30 hs., para docentes, y el jueves 5 de julio a las 9 hs., para profesionales de la salud.<\/p>\n","protected":false},"excerpt":{"rendered":"<p>La Fundaci\u00f3n AIKEN junto a la Secretar\u00eda de Salud de la Municipalidad de San Pedro organizan el d\u00eda mi\u00e9rcoles 4 de julio, para docentes, y el jueves 5 de julio, para profesionales de la salud, dos jornadas de capacitaci\u00f3n orientada al acompa\u00f1amiento psicol\u00f3gico para ni\u00f1os y adolescentes en duelo. Los talleres que cuentan con el [&hellip;]<\/p>\n","protected":false},"author":4,"featured_media":35445,"comment_status":"open","ping_status":"closed","sticky":false,"template":"","format":"standard","meta":{"om_disable_all_campaigns":false,"_jetpack_memberships_contains_paid_content":false,"footnotes":""},"categories":[101,2],"tags":[],"class_list":["post-35444","post","type-post","status-publish","format-standard","has-post-thumbnail","hentry","category-interes-general-locales","category-locales"],"aioseo_notices":[],"gutentor_comment":0,"jetpack_featured_media_url":"https:\/\/eldiariodesanpedro.com.ar\/sitio\/wp-content\/uploads\/2018\/06\/saludaiken.png","jetpack_shortlink":"https:\/\/wp.me\/p6RhLt-9dG","jetpack_sharing_enabled":true,"_links":{"self":[{"href":"https:\/\/eldiariodesanpedro.com.ar\/sitio\/wp-json\/wp\/v2\/posts\/35444","targetHints":{"allow":["GET"]}}],"collection":[{"href":"https:\/\/eldiariodesanpedro.com.ar\/sitio\/wp-json\/wp\/v2\/posts"}],"about":[{"href":"https:\/\/eldiariodesanpedro.com.ar\/sitio\/wp-json\/wp\/v2\/types\/post"}],"author":[{"embeddable":true,"href":"https:\/\/eldiariodesanpedro.com.ar\/sitio\/wp-json\/wp\/v2\/users\/4"}],"replies":[{"embeddable":true,"href":"https:\/\/eldiariodesanpedro.com.ar\/sitio\/wp-json\/wp\/v2\/comments?post=35444"}],"version-history":[{"count":1,"href":"https:\/\/eldiariodesanpedro.com.ar\/sitio\/wp-json\/wp\/v2\/posts\/35444\/revisions"}],"predecessor-version":[{"id":35446,"href":"https:\/\/eldiariodesanpedro.com.ar\/sitio\/wp-json\/wp\/v2\/posts\/35444\/revisions\/35446"}],"wp:featuredmedia":[{"embeddable":true,"href":"https:\/\/eldiariodesanpedro.com.ar\/sitio\/wp-json\/wp\/v2\/media\/35445"}],"wp:attachment":[{"href":"https:\/\/eldiariodesanpedro.com.ar\/sitio\/wp-json\/wp\/v2\/media?parent=35444"}],"wp:term":[{"taxonomy":"category","embeddable":true,"href":"https:\/\/eldiariodesanpedro.com.ar\/sitio\/wp-json\/wp\/v2\/categories?post=35444"},{"taxonomy":"post_tag","embeddable":true,"href":"https:\/\/eldiariodesanpedro.com.ar\/sitio\/wp-json\/wp\/v2\/tags?post=35444"}],"curies":[{"name":"wp","href":"https:\/\/api.w.org\/{rel}","templated":true}]}}